{"id":2306,"date":"2017-08-22T15:34:45","date_gmt":"2017-08-22T15:34:45","guid":{"rendered":"https:\/\/ena.cl\/?p=2306"},"modified":"2017-08-22T15:34:45","modified_gmt":"2017-08-22T15:34:45","slug":"municipalidad-bosque-participa-actividad-capacitacion-gestion-procesos","status":"publish","type":"post","link":"https:\/\/ena.cl\/?p=2306","title":{"rendered":"Municipalidad de El Bosque participa en actividad de Capacitaci\u00f3n de Gesti\u00f3n de Procesos"},"content":{"rendered":"<p><a href=\"https:\/\/ena.cl\/wp-content\/uploads\/2017\/08\/IMG-20170809-WA0008.jpg\"><img loading=\"lazy\" decoding=\"async\" class=\"size-medium wp-image-2307 alignleft\" src=\"https:\/\/ena.cl\/wp-content\/uploads\/2017\/08\/IMG-20170809-WA0008-300x225.jpg\" alt=\"img-20170809-wa0008\" width=\"300\" height=\"225\" srcset=\"https:\/\/ena.cl\/wp-content\/uploads\/2017\/08\/IMG-20170809-WA0008-300x225.jpg 300w, https:\/\/ena.cl\/wp-content\/uploads\/2017\/08\/IMG-20170809-WA0008-600x450.jpg 600w, https:\/\/ena.cl\/wp-content\/uploads\/2017\/08\/IMG-20170809-WA0008-768x576.jpg 768w, https:\/\/ena.cl\/wp-content\/uploads\/2017\/08\/IMG-20170809-WA0008-1024x768.jpg 1024w, https:\/\/ena.cl\/wp-content\/uploads\/2017\/08\/IMG-20170809-WA0008-1200x900.jpg 1200w, https:\/\/ena.cl\/wp-content\/uploads\/2017\/08\/IMG-20170809-WA0008-400x300.jpg 400w, https:\/\/ena.cl\/wp-content\/uploads\/2017\/08\/IMG-20170809-WA0008.jpg 1280w\" sizes=\"auto, (max-width: 300px) 100vw, 300px\" \/><\/a>En Santiago, los d\u00edas 01 y 09 de Agosto 2017, un total de 21 funcionarios de la Direcci\u00f3n de Educaci\u00f3n pertenecientes a la Ilustre Municipalidad de la comuna de El Bosque, fueron part\u00edcipes de una importante actividad de capacitaci\u00f3n destinada a fortalecer la Gesti\u00f3n de Procesos de los participantes.<\/p>\n<p>El curso se dividi\u00f3 en dos jornadas completas de capacitaci\u00f3n, cada una de las cuales constituy\u00f3 una oportunidad para que los asistentes pudiesen incorporar herramientas te\u00f3ricas y pr\u00e1cticas para redise\u00f1ar, implementar y controlar la gesti\u00f3n de los procesos claves para el \u00e9xito de la instituci\u00f3n.<\/p>\n<p>El programa acad\u00e9mico incluy\u00f3 en la primera jornada los aspectos introductorios de la Gesti\u00f3n de Procesos, los principios y los conceptos b\u00e1sicos elementales. De igual modo, se analiz\u00f3 el enfoque organizacional orientado a procesos, para lo cual se instruy\u00f3 en la utilizaci\u00f3n de diagramas de flujo con el fin de representar los procesos internos dentro de las unidades de trabajo. Se revisaron los objetivos, indicadores de procesos y la forma de medici\u00f3n de estos. Finalmente, los alumnos pudieron reflexionar sobre el an\u00e1lisis y mejora de los procesos y las estrategias de cambio organizacional.<\/p>\n<p>En la segunda jornada de capacitaci\u00f3n, el foco estuvo en los m\u00e9todos de evaluaci\u00f3n de Procesos Municipales, los indicadores, enfoques y evidencias. Se dise\u00f1\u00f3 un Plan de Mejora en base a los modelos de planes de mejora, revisando los conceptos e importancia de llevarlos a cabo adecuadamente.<\/p>\n<p>Cabe destacar que en cada una de las jornadas los participantes fueron los protagonistas, llevando a cabo actividades pr\u00e1cticas, ejercicios y talleres que favorecieron la incorporaci\u00f3n activa de los conocimientos impartidos.<\/p>\n<p>&nbsp;<\/p>\n","protected":false},"excerpt":{"rendered":"<p>En Santiago, los d\u00edas 01 y 09 de Agosto 2017, un total de 21 funcionarios de la Direcci\u00f3n de Educaci\u00f3n pertenecientes a la Ilustre Municipalidad de la comuna de El Bosque, fueron part\u00edcipes de una importante actividad de capacitaci\u00f3n destinada a fortalecer la Gesti\u00f3n de Procesos de los participantes. El curso se dividi\u00f3 en dos&hellip;<\/p>\n","protected":false},"author":5,"featured_media":2307,"comment_status":"closed","ping_status":"closed","sticky":false,"template":"","format":"standard","meta":{"footnotes":""},"categories":[2,15],"tags":[],"class_list":["post-2306","post","type-post","status-publish","format-standard","has-post-thumbnail","hentry","category-noticias","category-ultimos-cursos","category-2","category-15","description-off"],"_links":{"self":[{"href":"https:\/\/ena.cl\/index.php?rest_route=\/wp\/v2\/posts\/2306","targetHints":{"allow":["GET"]}}],"collection":[{"href":"https:\/\/ena.cl\/index.php?rest_route=\/wp\/v2\/posts"}],"about":[{"href":"https:\/\/ena.cl\/index.php?rest_route=\/wp\/v2\/types\/post"}],"author":[{"embeddable":true,"href":"https:\/\/ena.cl\/index.php?rest_route=\/wp\/v2\/users\/5"}],"replies":[{"embeddable":true,"href":"https:\/\/ena.cl\/index.php?rest_route=%2Fwp%2Fv2%2Fcomments&post=2306"}],"version-history":[{"count":1,"href":"https:\/\/ena.cl\/index.php?rest_route=\/wp\/v2\/posts\/2306\/revisions"}],"predecessor-version":[{"id":2308,"href":"https:\/\/ena.cl\/index.php?rest_route=\/wp\/v2\/posts\/2306\/revisions\/2308"}],"wp:featuredmedia":[{"embeddable":true,"href":"https:\/\/ena.cl\/index.php?rest_route=\/wp\/v2\/media\/2307"}],"wp:attachment":[{"href":"https:\/\/ena.cl\/index.php?rest_route=%2Fwp%2Fv2%2Fmedia&parent=2306"}],"wp:term":[{"taxonomy":"category","embeddable":true,"href":"https:\/\/ena.cl\/index.php?rest_route=%2Fwp%2Fv2%2Fcategories&post=2306"},{"taxonomy":"post_tag","embeddable":true,"href":"https:\/\/ena.cl\/index.php?rest_route=%2Fwp%2Fv2%2Ftags&post=2306"}],"curies":[{"name":"wp","href":"https:\/\/api.w.org\/{rel}","templated":true}]}}