{"id":2300,"date":"2017-08-22T15:27:14","date_gmt":"2017-08-22T15:27:14","guid":{"rendered":"https:\/\/ena.cl\/?p=2300"},"modified":"2017-08-22T15:27:14","modified_gmt":"2017-08-22T15:27:14","slug":"hospital-victoria-realiza-jornadas-gestion-competencias-directivos","status":"publish","type":"post","link":"https:\/\/ena.cl\/?p=2300","title":{"rendered":"Hospital Victoria realiza jornadas de Gesti\u00f3n por Competencias para Directivos"},"content":{"rendered":"<p><a href=\"https:\/\/ena.cl\/wp-content\/uploads\/2017\/08\/IMG-20170803-WA0005.jpg\"><img loading=\"lazy\" decoding=\"async\" class=\"size-medium wp-image-2301 alignleft\" src=\"https:\/\/ena.cl\/wp-content\/uploads\/2017\/08\/IMG-20170803-WA0005-300x169.jpg\" alt=\"img-20170803-wa0005\" width=\"300\" height=\"169\" srcset=\"https:\/\/ena.cl\/wp-content\/uploads\/2017\/08\/IMG-20170803-WA0005-300x169.jpg 300w, https:\/\/ena.cl\/wp-content\/uploads\/2017\/08\/IMG-20170803-WA0005-600x338.jpg 600w, https:\/\/ena.cl\/wp-content\/uploads\/2017\/08\/IMG-20170803-WA0005-768x432.jpg 768w, https:\/\/ena.cl\/wp-content\/uploads\/2017\/08\/IMG-20170803-WA0005-1024x576.jpg 1024w, https:\/\/ena.cl\/wp-content\/uploads\/2017\/08\/IMG-20170803-WA0005.jpg 1040w\" sizes=\"auto, (max-width: 300px) 100vw, 300px\" \/><\/a>En Victoria, los d\u00edas 03 y 04 de agosto 2017 se capacit\u00f3 a 40 funcionarios pertenecientes al Hospital San Jos\u00e9 de Victoria, los cuales participaron en el curso denominado\u201d Gesti\u00f3n por Competencias para Directivos\u201d.<\/p>\n<p>El curso se llev\u00f3 a cabo en las dependencias Hotel Royal Victoria y se dividi\u00f3 en dos jornadas completas en donde por un lado, se les entregaron contenidos tendientes a desarrollar potencialidades humanas para el crecimiento como l\u00edderes en las \u00e1reas de servicio a cargo.<\/p>\n<p>Por otro lado, se entregaron herramientas para que los participantes adquirieran competencias para prevenir conductas contrarias al principio de la probidad, siendo capaces de participar en procesos administrativos disciplinarios como investigadores sumarios, fiscales o actuarios.<\/p>\n<p>De este modo, el programa acad\u00e9mico incorpor\u00f3 elementos conceptuales sobre Probidad Administrativa, La Ley 20.880 sobre Probidad en la Funci\u00f3n P\u00fablica y los Conflictos de Intereses y la Contralor\u00eda General de la Rep\u00fablica. Se abord\u00f3 la Responsabilidad Administrativa incluyendo la Investigaci\u00f3n Sumaria y el Sumario Administrativo.<\/p>\n<p>En cuanto al desarrollo de habilidades blandas, la jornada estuvo orientada a tem\u00e1ticas de Liderazgo, Habilidades Directivas, Poder y Autoridad, y finalmente se abord\u00f3 la Comunicaci\u00f3n y la Resoluci\u00f3n de Conflictos.<\/p>\n<p>Cabe destacar que los dos expositores fueron por un lado un docente a cargo de los aspectos Normativos y Legales y por otro una Psic\u00f3loga, con expertiz en Liderazgo y Coach.<\/p>\n<p>Ambos relatores velaron por entregar los contenidos de manera clara, fomentando la participaci\u00f3n y permitiendo compartir experiencias enriquecedoras para el desarrollo de la clase e integrar de los contenidos en forma tanto te\u00f3rica como pr\u00e1ctica.<\/p>\n","protected":false},"excerpt":{"rendered":"<p>En Victoria, los d\u00edas 03 y 04 de agosto 2017 se capacit\u00f3 a 40 funcionarios pertenecientes al Hospital San Jos\u00e9 de Victoria, los cuales participaron en el curso denominado\u201d Gesti\u00f3n por Competencias para Directivos\u201d. El curso se llev\u00f3 a cabo en las dependencias Hotel Royal Victoria y se dividi\u00f3 en dos jornadas completas en donde&hellip;<\/p>\n","protected":false},"author":5,"featured_media":2301,"comment_status":"closed","ping_status":"closed","sticky":false,"template":"","format":"standard","meta":{"footnotes":""},"categories":[2,15],"tags":[],"class_list":["post-2300","post","type-post","status-publish","format-standard","has-post-thumbnail","hentry","category-noticias","category-ultimos-cursos","category-2","category-15","description-off"],"_links":{"self":[{"href":"https:\/\/ena.cl\/index.php?rest_route=\/wp\/v2\/posts\/2300","targetHints":{"allow":["GET"]}}],"collection":[{"href":"https:\/\/ena.cl\/index.php?rest_route=\/wp\/v2\/posts"}],"about":[{"href":"https:\/\/ena.cl\/index.php?rest_route=\/wp\/v2\/types\/post"}],"author":[{"embeddable":true,"href":"https:\/\/ena.cl\/index.php?rest_route=\/wp\/v2\/users\/5"}],"replies":[{"embeddable":true,"href":"https:\/\/ena.cl\/index.php?rest_route=%2Fwp%2Fv2%2Fcomments&post=2300"}],"version-history":[{"count":1,"href":"https:\/\/ena.cl\/index.php?rest_route=\/wp\/v2\/posts\/2300\/revisions"}],"predecessor-version":[{"id":2302,"href":"https:\/\/ena.cl\/index.php?rest_route=\/wp\/v2\/posts\/2300\/revisions\/2302"}],"wp:featuredmedia":[{"embeddable":true,"href":"https:\/\/ena.cl\/index.php?rest_route=\/wp\/v2\/media\/2301"}],"wp:attachment":[{"href":"https:\/\/ena.cl\/index.php?rest_route=%2Fwp%2Fv2%2Fmedia&parent=2300"}],"wp:term":[{"taxonomy":"category","embeddable":true,"href":"https:\/\/ena.cl\/index.php?rest_route=%2Fwp%2Fv2%2Fcategories&post=2300"},{"taxonomy":"post_tag","embeddable":true,"href":"https:\/\/ena.cl\/index.php?rest_route=%2Fwp%2Fv2%2Ftags&post=2300"}],"curies":[{"name":"wp","href":"https:\/\/api.w.org\/{rel}","templated":true}]}}