{"id":2294,"date":"2017-08-22T15:20:15","date_gmt":"2017-08-22T15:20:15","guid":{"rendered":"https:\/\/ena.cl\/?p=2294"},"modified":"2017-08-22T15:21:54","modified_gmt":"2017-08-22T15:21:54","slug":"seremi-salud-higgins-recibe-instruccion-rediseno-programa-promocion-la-salud","status":"publish","type":"post","link":"https:\/\/ena.cl\/?p=2294","title":{"rendered":"Seremi Salud O\u2019 Higgins recibe instrucci\u00f3n en Redise\u00f1o de Programa de Promoci\u00f3n de la Salud"},"content":{"rendered":"<p><a href=\"https:\/\/ena.cl\/wp-content\/uploads\/2017\/08\/IMG-20170802-WA0002.jpg\"><img loading=\"lazy\" decoding=\"async\" class=\"size-medium wp-image-2295 alignleft\" src=\"https:\/\/ena.cl\/wp-content\/uploads\/2017\/08\/IMG-20170802-WA0002-300x225.jpg\" alt=\"img-20170802-wa0002\" width=\"300\" height=\"225\" srcset=\"https:\/\/ena.cl\/wp-content\/uploads\/2017\/08\/IMG-20170802-WA0002-300x225.jpg 300w, https:\/\/ena.cl\/wp-content\/uploads\/2017\/08\/IMG-20170802-WA0002-600x450.jpg 600w, https:\/\/ena.cl\/wp-content\/uploads\/2017\/08\/IMG-20170802-WA0002-768x576.jpg 768w, https:\/\/ena.cl\/wp-content\/uploads\/2017\/08\/IMG-20170802-WA0002-1024x768.jpg 1024w, https:\/\/ena.cl\/wp-content\/uploads\/2017\/08\/IMG-20170802-WA0002-1200x900.jpg 1200w, https:\/\/ena.cl\/wp-content\/uploads\/2017\/08\/IMG-20170802-WA0002-400x300.jpg 400w, https:\/\/ena.cl\/wp-content\/uploads\/2017\/08\/IMG-20170802-WA0002.jpg 1280w\" sizes=\"auto, (max-width: 300px) 100vw, 300px\" \/><\/a>En la ciudad de Rancagua, VI Regi\u00f3n, los d\u00edas 01 y 02 de agosto 2017, 12 funcionarios de la Seremi de Salud O\u2019 Higgins participaron en una actividad de capacitaci\u00f3n sobre el \u201cRedise\u00f1o de Programa de Promoci\u00f3n de la Salud\u201d.<\/p>\n<p>El curso se llev\u00f3 a cabo\u00a0en el Club Ansco y se dividi\u00f3 en dos jornadas, completando un total de 18 horas pedag\u00f3gicas, en las cuales el foco\u00a0estuvo orientado a que sus participantes pudiesen comprender la Promoci\u00f3n de la Salud como una funci\u00f3n esencial en la Salud P\u00fablica, lo cual constituye una oportunidad para que las personas, familias y comunidades, accedan a entornos que faciliten una vida saludable e incrementen su salud y calidad de vida.<\/p>\n<p>Dentro de los contenidos abordados, se encuentra el marco hist\u00f3rico y conceptual de promoci\u00f3n de salud; promoci\u00f3n de salud en el modelo de salud familiar, priorizaci\u00f3n sanitaria de las patolog\u00edas a trabajar en promoci\u00f3n de salud; enfoque de determinantes sociales en salud y equidad, participaci\u00f3n social y comunitaria en salud; comunidades saludables, participaci\u00f3n cuidadana en el contexto de la promoci\u00f3n de salud. Finalmente, se revis\u00f3 la transversalidad de la promoci\u00f3n de salud e intervenciones y componentes de los planes trienales en promoci\u00f3n de salud.<\/p>\n<p>El curso se desarrollo con una metodolog\u00eda te\u00f3rico pr\u00e1ctica en la cual se entregaron los contenidos en forma expositiva, los que se complementaron con talleres grupales que permitieron compartir experiencias e integrar las tem\u00e1ticas en forma pr\u00e1ctica y did\u00e1ctica.<\/p>\n","protected":false},"excerpt":{"rendered":"<p>En la ciudad de Rancagua, VI Regi\u00f3n, los d\u00edas 01 y 02 de agosto 2017, 12 funcionarios de la Seremi de Salud O\u2019 Higgins participaron en una actividad de capacitaci\u00f3n sobre el \u201cRedise\u00f1o de Programa de Promoci\u00f3n de la Salud\u201d. El curso se llev\u00f3 a cabo\u00a0en el Club Ansco y se dividi\u00f3 en dos jornadas,&hellip;<\/p>\n","protected":false},"author":5,"featured_media":2295,"comment_status":"closed","ping_status":"closed","sticky":false,"template":"","format":"standard","meta":{"footnotes":""},"categories":[2,15],"tags":[],"class_list":["post-2294","post","type-post","status-publish","format-standard","has-post-thumbnail","hentry","category-noticias","category-ultimos-cursos","category-2","category-15","description-off"],"_links":{"self":[{"href":"https:\/\/ena.cl\/index.php?rest_route=\/wp\/v2\/posts\/2294","targetHints":{"allow":["GET"]}}],"collection":[{"href":"https:\/\/ena.cl\/index.php?rest_route=\/wp\/v2\/posts"}],"about":[{"href":"https:\/\/ena.cl\/index.php?rest_route=\/wp\/v2\/types\/post"}],"author":[{"embeddable":true,"href":"https:\/\/ena.cl\/index.php?rest_route=\/wp\/v2\/users\/5"}],"replies":[{"embeddable":true,"href":"https:\/\/ena.cl\/index.php?rest_route=%2Fwp%2Fv2%2Fcomments&post=2294"}],"version-history":[{"count":4,"href":"https:\/\/ena.cl\/index.php?rest_route=\/wp\/v2\/posts\/2294\/revisions"}],"predecessor-version":[{"id":2298,"href":"https:\/\/ena.cl\/index.php?rest_route=\/wp\/v2\/posts\/2294\/revisions\/2298"}],"wp:featuredmedia":[{"embeddable":true,"href":"https:\/\/ena.cl\/index.php?rest_route=\/wp\/v2\/media\/2295"}],"wp:attachment":[{"href":"https:\/\/ena.cl\/index.php?rest_route=%2Fwp%2Fv2%2Fmedia&parent=2294"}],"wp:term":[{"taxonomy":"category","embeddable":true,"href":"https:\/\/ena.cl\/index.php?rest_route=%2Fwp%2Fv2%2Fcategories&post=2294"},{"taxonomy":"post_tag","embeddable":true,"href":"https:\/\/ena.cl\/index.php?rest_route=%2Fwp%2Fv2%2Ftags&post=2294"}],"curies":[{"name":"wp","href":"https:\/\/api.w.org\/{rel}","templated":true}]}}