{"id":2291,"date":"2017-08-21T00:00:04","date_gmt":"2017-08-21T00:00:04","guid":{"rendered":"https:\/\/ena.cl\/?p=2291"},"modified":"2017-08-22T03:31:25","modified_gmt":"2017-08-22T03:31:25","slug":"subsecretaria-prevencion-del-delito-del-ministerio-del-interior-se-actualiza-legislacion-laboral-aplicada","status":"publish","type":"post","link":"https:\/\/ena.cl\/?p=2291","title":{"rendered":"Subsecretar\u00eda de Prevenci\u00f3n del Delito del Ministerio del Interior se actualiza en &#8220;Legislaci\u00f3n Laboral Aplicada&#8221;"},"content":{"rendered":"<p style=\"text-align: justify;\"><strong><img loading=\"lazy\" decoding=\"async\" class=\"alignleft size-medium wp-image-2292\" src=\"https:\/\/ena.cl\/wp-content\/uploads\/2017\/08\/IMG-Legislaci\u00f3n-Laboral-Aplicada-300x225.jpg\" alt=\"img-legislacion-laboral-aplicada\" width=\"300\" height=\"225\" srcset=\"https:\/\/ena.cl\/wp-content\/uploads\/2017\/08\/IMG-Legislaci\u00f3n-Laboral-Aplicada-300x225.jpg 300w, https:\/\/ena.cl\/wp-content\/uploads\/2017\/08\/IMG-Legislaci\u00f3n-Laboral-Aplicada-600x450.jpg 600w, https:\/\/ena.cl\/wp-content\/uploads\/2017\/08\/IMG-Legislaci\u00f3n-Laboral-Aplicada-768x576.jpg 768w, https:\/\/ena.cl\/wp-content\/uploads\/2017\/08\/IMG-Legislaci\u00f3n-Laboral-Aplicada-1024x768.jpg 1024w, https:\/\/ena.cl\/wp-content\/uploads\/2017\/08\/IMG-Legislaci\u00f3n-Laboral-Aplicada-1200x900.jpg 1200w, https:\/\/ena.cl\/wp-content\/uploads\/2017\/08\/IMG-Legislaci\u00f3n-Laboral-Aplicada-400x300.jpg 400w, https:\/\/ena.cl\/wp-content\/uploads\/2017\/08\/IMG-Legislaci\u00f3n-Laboral-Aplicada.jpg 1280w\" sizes=\"auto, (max-width: 300px) 100vw, 300px\" \/><\/strong>Los d\u00edas 4, 9,11 y 17 de agosto en la ciudad de Santiago se desarroll\u00f3 para la Subsecretar\u00eda de Prevenci\u00f3n del Delito del Ministerio del Interior y Seguridad P\u00fablica el Curso denominado \u201cLegislaci\u00f3n Laboral Aplicada\u201d siendo su objetivo general que los estudiantes por una parte, se actualizaran en la regulaci\u00f3n aplicable a los Contratados a Honorarios, y por la otra conocieran las reglas del C\u00f3digo del Trabajo aplicables a los funcionarios p\u00fablicos titulares y a contrata afectos al Estatuto Administrativo general.<\/p>\n<p style=\"text-align: justify;\">Esta actividad de perfeccionamiento se origin\u00f3 en el inter\u00e9s de la Subsecretar\u00eda de Prevenci\u00f3n del Delito de prestar atenci\u00f3n normativa y jurisprudencial a dos temas de alto impacto en la din\u00e1mica de las Instituciones y Servicios P\u00fablicos: la cada vez mayor demanda de prestaciones mediante la contrataci\u00f3n de servicios a honorarios de profesionales, t\u00e9cnicos, expertos, y agentes p\u00fablicos, y por otra parte la aplicaci\u00f3n de las reglas laborales contenidas en el C\u00f3digo del Trabajo a la funci\u00f3n p\u00fablica civil, como es el caso de la regulaci\u00f3n de la dignidad funcionaria en materia de acoso y discriminaci\u00f3n, la protecci\u00f3n de la maternidad, y la tutela de derechos fundamentales en materia laboral ante los Tribunales del Trabajo, dado el inter\u00e9s de garantizar los derechos del personal al servicio de la Administraci\u00f3n y en virtud de las consecuencias negativas que implicar\u00eda desconocer sus reglas.<\/p>\n<p style=\"text-align: justify;\">Los temas principales abordados en las cuatro sesiones de estudio fueron: las Reglas del C\u00f3digo del Trabajo aplicable a los Funcionarios P\u00fablicos: Dignidad Funcionaria: reglas en materia de acoso y discriminaci\u00f3n arbitraria, protecci\u00f3n de la maternidad, y permisos; la Tutela de derechos fundamentales en materia laboral; y el Contrato de Prestaci\u00f3n de Servicios a Honorarios, extendi\u00e9ndose el estudio a los contratos de prestaciones de servicios regulados por la ley de compras.<\/p>\n<p style=\"text-align: justify;\">Finalmente debe destacarse que todos y cada uno de los contenidos del curso, distribuido como ya se dijo en cuatro sesiones de estudio en jornada de ma\u00f1ana, salvo el d\u00eda mi\u00e9rcoles 9 en jornada de tarde, fueron tratados con especial atenci\u00f3n a la principal jurisprudencia administrativa y judicial, proveniente tanto de la Contralor\u00eda General de la Rep\u00fablica, como de los Tribunales de Justicia.<\/p>\n","protected":false},"excerpt":{"rendered":"<p>Los d\u00edas 4, 9,11 y 17 de agosto en la ciudad de Santiago se desarroll\u00f3 para la Subsecretar\u00eda de Prevenci\u00f3n del Delito del Ministerio del Interior y Seguridad P\u00fablica el Curso denominado \u201cLegislaci\u00f3n Laboral Aplicada\u201d siendo su objetivo general que los estudiantes por una parte, se actualizaran en la regulaci\u00f3n aplicable a los Contratados a&hellip;<\/p>\n","protected":false},"author":3,"featured_media":2292,"comment_status":"closed","ping_status":"closed","sticky":false,"template":"","format":"standard","meta":{"footnotes":""},"categories":[2,15],"tags":[],"class_list":["post-2291","post","type-post","status-publish","format-standard","has-post-thumbnail","hentry","category-noticias","category-ultimos-cursos","category-2","category-15","description-off"],"_links":{"self":[{"href":"https:\/\/ena.cl\/index.php?rest_route=\/wp\/v2\/posts\/2291","targetHints":{"allow":["GET"]}}],"collection":[{"href":"https:\/\/ena.cl\/index.php?rest_route=\/wp\/v2\/posts"}],"about":[{"href":"https:\/\/ena.cl\/index.php?rest_route=\/wp\/v2\/types\/post"}],"author":[{"embeddable":true,"href":"https:\/\/ena.cl\/index.php?rest_route=\/wp\/v2\/users\/3"}],"replies":[{"embeddable":true,"href":"https:\/\/ena.cl\/index.php?rest_route=%2Fwp%2Fv2%2Fcomments&post=2291"}],"version-history":[{"count":1,"href":"https:\/\/ena.cl\/index.php?rest_route=\/wp\/v2\/posts\/2291\/revisions"}],"predecessor-version":[{"id":2293,"href":"https:\/\/ena.cl\/index.php?rest_route=\/wp\/v2\/posts\/2291\/revisions\/2293"}],"wp:featuredmedia":[{"embeddable":true,"href":"https:\/\/ena.cl\/index.php?rest_route=\/wp\/v2\/media\/2292"}],"wp:attachment":[{"href":"https:\/\/ena.cl\/index.php?rest_route=%2Fwp%2Fv2%2Fmedia&parent=2291"}],"wp:term":[{"taxonomy":"category","embeddable":true,"href":"https:\/\/ena.cl\/index.php?rest_route=%2Fwp%2Fv2%2Fcategories&post=2291"},{"taxonomy":"post_tag","embeddable":true,"href":"https:\/\/ena.cl\/index.php?rest_route=%2Fwp%2Fv2%2Ftags&post=2291"}],"curies":[{"name":"wp","href":"https:\/\/api.w.org\/{rel}","templated":true}]}}