{"id":2277,"date":"2017-08-21T00:00:39","date_gmt":"2017-08-21T00:00:39","guid":{"rendered":"https:\/\/ena.cl\/?p=2277"},"modified":"2017-08-22T01:30:35","modified_gmt":"2017-08-22T01:30:35","slug":"iquique-ministerio-educacion-estudia-normativa-juridica-laboral","status":"publish","type":"post","link":"https:\/\/ena.cl\/?p=2277","title":{"rendered":"En Iquique el Ministerio de Educaci\u00f3n estudia su normativa jur\u00eddica laboral"},"content":{"rendered":"<p style=\"text-align: justify;\"><strong><img loading=\"lazy\" decoding=\"async\" class=\"alignleft size-medium wp-image-2278\" src=\"https:\/\/ena.cl\/wp-content\/uploads\/2017\/08\/IMG-Mineduc-Tarapaca-300x225.jpg\" alt=\"img-mineduc-tarapaca\" width=\"300\" height=\"225\" srcset=\"https:\/\/ena.cl\/wp-content\/uploads\/2017\/08\/IMG-Mineduc-Tarapaca-300x225.jpg 300w, https:\/\/ena.cl\/wp-content\/uploads\/2017\/08\/IMG-Mineduc-Tarapaca-600x450.jpg 600w, https:\/\/ena.cl\/wp-content\/uploads\/2017\/08\/IMG-Mineduc-Tarapaca-768x576.jpg 768w, https:\/\/ena.cl\/wp-content\/uploads\/2017\/08\/IMG-Mineduc-Tarapaca-1024x768.jpg 1024w, https:\/\/ena.cl\/wp-content\/uploads\/2017\/08\/IMG-Mineduc-Tarapaca-1200x900.jpg 1200w, https:\/\/ena.cl\/wp-content\/uploads\/2017\/08\/IMG-Mineduc-Tarapaca-400x300.jpg 400w, https:\/\/ena.cl\/wp-content\/uploads\/2017\/08\/IMG-Mineduc-Tarapaca.jpg 1280w\" sizes=\"auto, (max-width: 300px) 100vw, 300px\" \/><\/strong>Entre el lunes 24 al mi\u00e9rcoles 26 de julio, en la ciudad de Iquique, 15 estudiantes provenientes de la Secretar\u00eda Regional Ministerial de Educaci\u00f3n de la Regi\u00f3n de Tarapac\u00e1, estudiaron tanto sus derechos y deberes contenidos en el Estatuto Administrativo, sus reglamentos, y sus normas complementarias, adem\u00e1s de sus \u00faltimas modificaciones: entre estas las nuevas disposiciones incorporadas por la Ley sobre Acuerdo de Vida en Pareja y el nuevo permiso para quienes se desempe\u00f1an como voluntarios de los diferentes cuerpos de bomberos contemplado en el C\u00f3digo del Trabajo por efectos de la Ley N\u00ba20.907.<\/p>\n<p style=\"text-align: justify;\">El programa acad\u00e9mico contempl\u00f3 el estudio de la m\u00e1s reciente jurisprudencia en materia de la \u201cestabilidad en el empleo\u201d aplicable al personal a Contrata emanada tanto de la Contralor\u00eda General de la Rep\u00fablica, como de la Corte Suprema, este estudio se hizo extensivo a la Circular 26, del Ministerio de Hacienda, de 21 de noviembre de 2016, como tambi\u00e9n a la m\u00e1s reciente jurisprudencia del Tribunal Constitucional relativa a la desvinculaci\u00f3n por incompatibilidad de la salud.<\/p>\n<p>En materia del Principio de la Probidad y la Transparencia Administrativa se abordaron las principales disposiciones relativas a la Probidad y el Acceso Ciudadano a la Informaci\u00f3n P\u00fablica como tambi\u00e9n el estudio de la nueva Ley 20.880 sobre probidad en la funci\u00f3n p\u00fablica y prevenci\u00f3n de los conflictos de interteses y la Ley 20.730 del Lobby, la cual pretende regular la publicidad en la materia y dem\u00e1s gestiones que representen intereses particulares, con el objetivo de fortalecer la transparencia y la probidad.<\/p>\n<p>El curso fue la oportunidad para profundizar en los procedimientos aplicables al personal del Mineduc como su carrera funcionaria con especial atenci\u00f3n en su proceso de encasillamiento; calificaciones funcionarias; e investigaci\u00f3n sumaria y sumario administrativo en materia sancionatoria disciplinaria.<\/p>\n<p style=\"text-align: justify;\">Finalmente debe destacarse, como se ha adelantado, que todos y cada uno de los contenidos del curso, distribuido en tres sesiones de d\u00eda completo, fueron tratados con especial atenci\u00f3n a la principal jurisprudencia emanada tanto de la Contralor\u00eda General de la Rep\u00fablica, como de los Tribunales de Justicia, entre ellos la Corte Suprema de Justicia, y el Tribunal Constitucional.<\/p>\n","protected":false},"excerpt":{"rendered":"<p>Entre el lunes 24 al mi\u00e9rcoles 26 de julio, en la ciudad de Iquique, 15 estudiantes provenientes de la Secretar\u00eda Regional Ministerial de Educaci\u00f3n de la Regi\u00f3n de Tarapac\u00e1, estudiaron tanto sus derechos y deberes contenidos en el Estatuto Administrativo, sus reglamentos, y sus normas complementarias, adem\u00e1s de sus \u00faltimas modificaciones: entre estas las nuevas&hellip;<\/p>\n","protected":false},"author":3,"featured_media":2278,"comment_status":"closed","ping_status":"closed","sticky":false,"template":"","format":"standard","meta":{"footnotes":""},"categories":[2,15],"tags":[],"class_list":["post-2277","post","type-post","status-publish","format-standard","has-post-thumbnail","hentry","category-noticias","category-ultimos-cursos","category-2","category-15","description-off"],"_links":{"self":[{"href":"https:\/\/ena.cl\/index.php?rest_route=\/wp\/v2\/posts\/2277","targetHints":{"allow":["GET"]}}],"collection":[{"href":"https:\/\/ena.cl\/index.php?rest_route=\/wp\/v2\/posts"}],"about":[{"href":"https:\/\/ena.cl\/index.php?rest_route=\/wp\/v2\/types\/post"}],"author":[{"embeddable":true,"href":"https:\/\/ena.cl\/index.php?rest_route=\/wp\/v2\/users\/3"}],"replies":[{"embeddable":true,"href":"https:\/\/ena.cl\/index.php?rest_route=%2Fwp%2Fv2%2Fcomments&post=2277"}],"version-history":[{"count":1,"href":"https:\/\/ena.cl\/index.php?rest_route=\/wp\/v2\/posts\/2277\/revisions"}],"predecessor-version":[{"id":2279,"href":"https:\/\/ena.cl\/index.php?rest_route=\/wp\/v2\/posts\/2277\/revisions\/2279"}],"wp:featuredmedia":[{"embeddable":true,"href":"https:\/\/ena.cl\/index.php?rest_route=\/wp\/v2\/media\/2278"}],"wp:attachment":[{"href":"https:\/\/ena.cl\/index.php?rest_route=%2Fwp%2Fv2%2Fmedia&parent=2277"}],"wp:term":[{"taxonomy":"category","embeddable":true,"href":"https:\/\/ena.cl\/index.php?rest_route=%2Fwp%2Fv2%2Fcategories&post=2277"},{"taxonomy":"post_tag","embeddable":true,"href":"https:\/\/ena.cl\/index.php?rest_route=%2Fwp%2Fv2%2Ftags&post=2277"}],"curies":[{"name":"wp","href":"https:\/\/api.w.org\/{rel}","templated":true}]}}