{"id":2220,"date":"2017-08-11T23:14:37","date_gmt":"2017-08-11T23:14:37","guid":{"rendered":"https:\/\/ena.cl\/?p=2220"},"modified":"2017-08-11T23:14:37","modified_gmt":"2017-08-11T23:14:37","slug":"hospital-chanaral-se-actualiza-acoso-laboral-sexual-discriminacion-arbitraria","status":"publish","type":"post","link":"https:\/\/ena.cl\/?p=2220","title":{"rendered":"Hospital de Cha\u00f1aral se actualiza en Acoso Laboral, Sexual y Discriminaci\u00f3n Arbitraria"},"content":{"rendered":"<p style=\"text-align: justify;\"><a href=\"https:\/\/ena.cl\/wp-content\/uploads\/2017\/08\/IMG-20170714-WA0001-portada.jpg\"><img loading=\"lazy\" decoding=\"async\" class=\"size-medium wp-image-2221 alignleft\" src=\"https:\/\/ena.cl\/wp-content\/uploads\/2017\/08\/IMG-20170714-WA0001-portada-300x225.jpg\" alt=\"img-20170714-wa0001-portada\" width=\"300\" height=\"225\" srcset=\"https:\/\/ena.cl\/wp-content\/uploads\/2017\/08\/IMG-20170714-WA0001-portada-300x225.jpg 300w, https:\/\/ena.cl\/wp-content\/uploads\/2017\/08\/IMG-20170714-WA0001-portada-600x450.jpg 600w, https:\/\/ena.cl\/wp-content\/uploads\/2017\/08\/IMG-20170714-WA0001-portada-768x576.jpg 768w, https:\/\/ena.cl\/wp-content\/uploads\/2017\/08\/IMG-20170714-WA0001-portada-1024x768.jpg 1024w, https:\/\/ena.cl\/wp-content\/uploads\/2017\/08\/IMG-20170714-WA0001-portada-1200x900.jpg 1200w, https:\/\/ena.cl\/wp-content\/uploads\/2017\/08\/IMG-20170714-WA0001-portada-400x300.jpg 400w, https:\/\/ena.cl\/wp-content\/uploads\/2017\/08\/IMG-20170714-WA0001-portada.jpg 1280w\" sizes=\"auto, (max-width: 300px) 100vw, 300px\" \/><\/a>En la ciudad de Cha\u00f1aral, los d\u00edas 11 y 12 de julio, se desarroll\u00f3 para el Hospital de Cha\u00f1aral el Curso denominado \u201cEl atentado contra la dignidad funcionaria: Acoso Laboral, Sexual, y Discriminaci\u00f3n Arbitraria\u201d orientado a 20 funcionarios P\u00fablicos de Planta, a Contrata, y Contratados a Honorarios, Curso que cont\u00f3 adem\u00e1s con la destacada presencia de las Asociaci\u00f3nes de Funcionarios.<\/p>\n<p style=\"text-align: justify;\">La actividad que se propuso desde un enfoque multidisciplinario, tuvo como finalidad abordar el Acoso Laboral, Sexual y la Discriminaci\u00f3n Arbitraria, desde el tratamiento psicol\u00f3gico y jur\u00eddico con la finalidad de dar respuestas a las diferentes problem\u00e1ticas involucradas, definiendo de manera general los pasos a seguir as\u00ed como las estrategias a trazar a la medida de cada v\u00edctima.<\/p>\n<p style=\"text-align: justify;\">Entre sus principales objetivos alcanzados destacamos el que los estudiantes a partir del diagn\u00f3stico y pron\u00f3stico cl\u00ednico del sujeto afectado comprendieran las alternativas de tratamiento, as\u00ed como los eventuales resultados, y consecuencias administrativas, civiles y penales originadas por el \u201catentado contra la dignidad funcionaria\u201d con especial \u00e9nfasis en los procedimientos administrativo \u2013 disciplinarios, en el marco de los protocolos y reglamentos institucionales, y el procedimiento de tutela de derechos laborales, conforme al C\u00f3digo del Trabajo, ante los juzgados del trabajo.<\/p>\n","protected":false},"excerpt":{"rendered":"<p>En la ciudad de Cha\u00f1aral, los d\u00edas 11 y 12 de julio, se desarroll\u00f3 para el Hospital de Cha\u00f1aral el Curso denominado \u201cEl atentado contra la dignidad funcionaria: Acoso Laboral, Sexual, y Discriminaci\u00f3n Arbitraria\u201d orientado a 20 funcionarios P\u00fablicos de Planta, a Contrata, y Contratados a Honorarios, Curso que cont\u00f3 adem\u00e1s con la destacada presencia&hellip;<\/p>\n","protected":false},"author":5,"featured_media":2221,"comment_status":"closed","ping_status":"closed","sticky":false,"template":"","format":"standard","meta":{"footnotes":""},"categories":[2,15],"tags":[],"class_list":["post-2220","post","type-post","status-publish","format-standard","has-post-thumbnail","hentry","category-noticias","category-ultimos-cursos","category-2","category-15","description-off"],"_links":{"self":[{"href":"https:\/\/ena.cl\/index.php?rest_route=\/wp\/v2\/posts\/2220","targetHints":{"allow":["GET"]}}],"collection":[{"href":"https:\/\/ena.cl\/index.php?rest_route=\/wp\/v2\/posts"}],"about":[{"href":"https:\/\/ena.cl\/index.php?rest_route=\/wp\/v2\/types\/post"}],"author":[{"embeddable":true,"href":"https:\/\/ena.cl\/index.php?rest_route=\/wp\/v2\/users\/5"}],"replies":[{"embeddable":true,"href":"https:\/\/ena.cl\/index.php?rest_route=%2Fwp%2Fv2%2Fcomments&post=2220"}],"version-history":[{"count":3,"href":"https:\/\/ena.cl\/index.php?rest_route=\/wp\/v2\/posts\/2220\/revisions"}],"predecessor-version":[{"id":2247,"href":"https:\/\/ena.cl\/index.php?rest_route=\/wp\/v2\/posts\/2220\/revisions\/2247"}],"wp:featuredmedia":[{"embeddable":true,"href":"https:\/\/ena.cl\/index.php?rest_route=\/wp\/v2\/media\/2221"}],"wp:attachment":[{"href":"https:\/\/ena.cl\/index.php?rest_route=%2Fwp%2Fv2%2Fmedia&parent=2220"}],"wp:term":[{"taxonomy":"category","embeddable":true,"href":"https:\/\/ena.cl\/index.php?rest_route=%2Fwp%2Fv2%2Fcategories&post=2220"},{"taxonomy":"post_tag","embeddable":true,"href":"https:\/\/ena.cl\/index.php?rest_route=%2Fwp%2Fv2%2Ftags&post=2220"}],"curies":[{"name":"wp","href":"https:\/\/api.w.org\/{rel}","templated":true}]}}