{"id":2190,"date":"2017-08-11T22:06:22","date_gmt":"2017-08-11T22:06:22","guid":{"rendered":"https:\/\/ena.cl\/?p=2190"},"modified":"2017-08-11T22:06:22","modified_gmt":"2017-08-11T22:06:22","slug":"municipalidad-cartagena-recibe-capacitacion-planificacion-estrategica","status":"publish","type":"post","link":"https:\/\/ena.cl\/?p=2190","title":{"rendered":"Municipalidad de Cartagena recibe capacitaci\u00f3n sobre Planificaci\u00f3n Estrat\u00e9gica"},"content":{"rendered":"<p style=\"text-align: left;\"><a href=\"https:\/\/ena.cl\/wp-content\/uploads\/2017\/08\/IMG-20170609-PORTADA.jpg\"><img loading=\"lazy\" decoding=\"async\" class=\"size-medium wp-image-2191 alignleft\" src=\"https:\/\/ena.cl\/wp-content\/uploads\/2017\/08\/IMG-20170609-PORTADA-300x225.jpg\" alt=\"img-20170609-portada\" width=\"300\" height=\"225\" srcset=\"https:\/\/ena.cl\/wp-content\/uploads\/2017\/08\/IMG-20170609-PORTADA-300x225.jpg 300w, https:\/\/ena.cl\/wp-content\/uploads\/2017\/08\/IMG-20170609-PORTADA-600x450.jpg 600w, https:\/\/ena.cl\/wp-content\/uploads\/2017\/08\/IMG-20170609-PORTADA-768x576.jpg 768w, https:\/\/ena.cl\/wp-content\/uploads\/2017\/08\/IMG-20170609-PORTADA-1024x768.jpg 1024w, https:\/\/ena.cl\/wp-content\/uploads\/2017\/08\/IMG-20170609-PORTADA-1200x900.jpg 1200w, https:\/\/ena.cl\/wp-content\/uploads\/2017\/08\/IMG-20170609-PORTADA-400x300.jpg 400w, https:\/\/ena.cl\/wp-content\/uploads\/2017\/08\/IMG-20170609-PORTADA.jpg 1280w\" sizes=\"auto, (max-width: 300px) 100vw, 300px\" \/><\/a>En Cartagena, V Regi\u00f3n, los d\u00edas 09 y 10 de junio 2017 se llev\u00f3 a cabo una actividad de capacitaci\u00f3n para 19 funcionarios de la Municipalidad de Cartagena en tem\u00e1ticas relacionadas con la \u201cPlanificaci\u00f3n Estrat\u00e9gica\u201d.<\/p>\n<p>El curso tuvo por objetivo entregar herramientas para fortalecer a los participantes respecto de su rol en la instituci\u00f3n como promotores, facilitadores y orientadores del desarrollo comunal, a trav\u00e9s de la transferencia metodol\u00f3gica hacia el recurso humano p\u00fablico involucrado en el dise\u00f1o de un proceso de planificaci\u00f3n estrat\u00e9gica que permita el compromiso de todos.<\/p>\n<p>Dentro de los contenidos del curso se entregaron conceptos y objetivos de la planificaci\u00f3n estrat\u00e9gica municipal; niveles de la planificaci\u00f3n estrat\u00e9gica en las organizaciones p\u00fablicas; herramientas de planificaci\u00f3n. As\u00ed mismo, se realiz\u00f3 un an\u00e1lisis FODA para establecer un diagn\u00f3stico de los escenarios tanto internos como externos y un an\u00e1lisis para reflexionar acerca de la misi\u00f3n, visi\u00f3n y los objetivos estrat\u00e9gicos institucionales. Tambi\u00e9n se revisaron metas e indicadores de gesti\u00f3n, planes de acci\u00f3n y, finalmente, se realiz\u00f3 una integraci\u00f3n de los contenidos y su aplicaci\u00f3n.<\/p>\n<p>Las clases fueron expositivas e interactivas, donde se generaron grupos de trabajo que durante los dos d\u00edas de capacitaci\u00f3n efectuaron talleres que facilitaron la incorporaci\u00f3n y aplicaci\u00f3n pr\u00e1ctica de los contenidos tratados en el curso.<\/p>\n<h3>Im\u00e1genes del Curso<\/h3>\n<p>[gm album=12]<\/p>\n","protected":false},"excerpt":{"rendered":"<p>En Cartagena, V Regi\u00f3n, los d\u00edas 09 y 10 de junio 2017 se llev\u00f3 a cabo una actividad de capacitaci\u00f3n para 19 funcionarios de la Municipalidad de Cartagena en tem\u00e1ticas relacionadas con la \u201cPlanificaci\u00f3n Estrat\u00e9gica\u201d. El curso tuvo por objetivo entregar herramientas para fortalecer a los participantes respecto de su rol en la instituci\u00f3n como&hellip;<\/p>\n","protected":false},"author":5,"featured_media":2191,"comment_status":"closed","ping_status":"closed","sticky":false,"template":"","format":"standard","meta":{"footnotes":""},"categories":[2,15],"tags":[],"class_list":["post-2190","post","type-post","status-publish","format-standard","has-post-thumbnail","hentry","category-noticias","category-ultimos-cursos","category-2","category-15","description-off"],"_links":{"self":[{"href":"https:\/\/ena.cl\/index.php?rest_route=\/wp\/v2\/posts\/2190","targetHints":{"allow":["GET"]}}],"collection":[{"href":"https:\/\/ena.cl\/index.php?rest_route=\/wp\/v2\/posts"}],"about":[{"href":"https:\/\/ena.cl\/index.php?rest_route=\/wp\/v2\/types\/post"}],"author":[{"embeddable":true,"href":"https:\/\/ena.cl\/index.php?rest_route=\/wp\/v2\/users\/5"}],"replies":[{"embeddable":true,"href":"https:\/\/ena.cl\/index.php?rest_route=%2Fwp%2Fv2%2Fcomments&post=2190"}],"version-history":[{"count":2,"href":"https:\/\/ena.cl\/index.php?rest_route=\/wp\/v2\/posts\/2190\/revisions"}],"predecessor-version":[{"id":2202,"href":"https:\/\/ena.cl\/index.php?rest_route=\/wp\/v2\/posts\/2190\/revisions\/2202"}],"wp:featuredmedia":[{"embeddable":true,"href":"https:\/\/ena.cl\/index.php?rest_route=\/wp\/v2\/media\/2191"}],"wp:attachment":[{"href":"https:\/\/ena.cl\/index.php?rest_route=%2Fwp%2Fv2%2Fmedia&parent=2190"}],"wp:term":[{"taxonomy":"category","embeddable":true,"href":"https:\/\/ena.cl\/index.php?rest_route=%2Fwp%2Fv2%2Fcategories&post=2190"},{"taxonomy":"post_tag","embeddable":true,"href":"https:\/\/ena.cl\/index.php?rest_route=%2Fwp%2Fv2%2Ftags&post=2190"}],"curies":[{"name":"wp","href":"https:\/\/api.w.org\/{rel}","templated":true}]}}