{"id":2181,"date":"2017-07-05T22:01:28","date_gmt":"2017-07-05T22:01:28","guid":{"rendered":"https:\/\/ena.cl\/?p=2181"},"modified":"2017-07-05T22:01:28","modified_gmt":"2017-07-05T22:01:28","slug":"servicio-salud-osorno-se-perfecciona-elementos-generales-la-administracion-publica","status":"publish","type":"post","link":"https:\/\/ena.cl\/?p=2181","title":{"rendered":"Servicio Salud Osorno se perfecciona en Elementos Generales de la Administraci\u00f3n P\u00fablica"},"content":{"rendered":"<p><a href=\"https:\/\/ena.cl\/wp-content\/uploads\/2017\/07\/20170602_161230.jpg\"><img loading=\"lazy\" decoding=\"async\" class=\"size-medium wp-image-2182 alignleft\" src=\"https:\/\/ena.cl\/wp-content\/uploads\/2017\/07\/20170602_161230-300x225.jpg\" alt=\"20170602_161230\" width=\"300\" height=\"225\" srcset=\"https:\/\/ena.cl\/wp-content\/uploads\/2017\/07\/20170602_161230-300x225.jpg 300w, https:\/\/ena.cl\/wp-content\/uploads\/2017\/07\/20170602_161230-600x450.jpg 600w, https:\/\/ena.cl\/wp-content\/uploads\/2017\/07\/20170602_161230-768x576.jpg 768w, https:\/\/ena.cl\/wp-content\/uploads\/2017\/07\/20170602_161230-1024x768.jpg 1024w, https:\/\/ena.cl\/wp-content\/uploads\/2017\/07\/20170602_161230-1200x900.jpg 1200w, https:\/\/ena.cl\/wp-content\/uploads\/2017\/07\/20170602_161230-400x300.jpg 400w\" sizes=\"auto, (max-width: 300px) 100vw, 300px\" \/><\/a>En Osorno, los d\u00edas 31 de mayo y 01 y 02 de junio se llev\u00f3 a cabo un actividad de capacitaci\u00f3n para 17 funcionarios pertenecientes a la red del Servicio de Salud de Osorno sobre los \u201cElementos Generales de la Administraci\u00f3n P\u00fablica\u201d.<\/p>\n<p>La actividad de capacitaci\u00f3n que se desarroll\u00f3 en 30 horas pedag\u00f3gicas, tuvo por finalidad que los participantes lograsen comprender el marco conceptual regulatorio que rige a los funcionarios p\u00fablicos del Servicio de Salud Osorno en la seguridad y ejercicio de la funci\u00f3n p\u00fablica, la relaci\u00f3n con el Estatuto Administrativo y La Ley Org\u00e1nica Constitucional de Bases Generales de la Administraci\u00f3n del Estado.<\/p>\n<p>Este curso se propone orientar a quienes se incorporan al sector p\u00fablico de salud, o a quienes deben asumir nuevos cargos, permitiendo un adecuado alineamiento tanto con el rol, como con los objetivos institucionales en el marco de las pol\u00edticas del Ministerio de Salud, los Servicios de Salud y sus Establecimientos tanto de atenci\u00f3n cerrada o abierta.<\/p>\n<p>Las sesiones de capacitaci\u00f3n se desarrollaron de manera presencial con una metodolog\u00eda te\u00f3rico-pr\u00e1ctica empleando clases expositivas, con apoyo de material audiovisual que estimul\u00f3 la participaci\u00f3n de los alumnos y propici\u00f3 la internalizaci\u00f3n de los contenidos abordados.<\/p>\n","protected":false},"excerpt":{"rendered":"<p>En Osorno, los d\u00edas 31 de mayo y 01 y 02 de junio se llev\u00f3 a cabo un actividad de capacitaci\u00f3n para 17 funcionarios pertenecientes a la red del Servicio de Salud de Osorno sobre los \u201cElementos Generales de la Administraci\u00f3n P\u00fablica\u201d. La actividad de capacitaci\u00f3n que se desarroll\u00f3 en 30 horas pedag\u00f3gicas, tuvo por&hellip;<\/p>\n","protected":false},"author":5,"featured_media":2182,"comment_status":"closed","ping_status":"closed","sticky":false,"template":"","format":"standard","meta":{"footnotes":""},"categories":[2,15],"tags":[],"class_list":["post-2181","post","type-post","status-publish","format-standard","has-post-thumbnail","hentry","category-noticias","category-ultimos-cursos","category-2","category-15","description-off"],"_links":{"self":[{"href":"https:\/\/ena.cl\/index.php?rest_route=\/wp\/v2\/posts\/2181","targetHints":{"allow":["GET"]}}],"collection":[{"href":"https:\/\/ena.cl\/index.php?rest_route=\/wp\/v2\/posts"}],"about":[{"href":"https:\/\/ena.cl\/index.php?rest_route=\/wp\/v2\/types\/post"}],"author":[{"embeddable":true,"href":"https:\/\/ena.cl\/index.php?rest_route=\/wp\/v2\/users\/5"}],"replies":[{"embeddable":true,"href":"https:\/\/ena.cl\/index.php?rest_route=%2Fwp%2Fv2%2Fcomments&post=2181"}],"version-history":[{"count":1,"href":"https:\/\/ena.cl\/index.php?rest_route=\/wp\/v2\/posts\/2181\/revisions"}],"predecessor-version":[{"id":2183,"href":"https:\/\/ena.cl\/index.php?rest_route=\/wp\/v2\/posts\/2181\/revisions\/2183"}],"wp:featuredmedia":[{"embeddable":true,"href":"https:\/\/ena.cl\/index.php?rest_route=\/wp\/v2\/media\/2182"}],"wp:attachment":[{"href":"https:\/\/ena.cl\/index.php?rest_route=%2Fwp%2Fv2%2Fmedia&parent=2181"}],"wp:term":[{"taxonomy":"category","embeddable":true,"href":"https:\/\/ena.cl\/index.php?rest_route=%2Fwp%2Fv2%2Fcategories&post=2181"},{"taxonomy":"post_tag","embeddable":true,"href":"https:\/\/ena.cl\/index.php?rest_route=%2Fwp%2Fv2%2Ftags&post=2181"}],"curies":[{"name":"wp","href":"https:\/\/api.w.org\/{rel}","templated":true}]}}