{"id":2172,"date":"2017-07-05T21:59:56","date_gmt":"2017-07-05T21:59:56","guid":{"rendered":"https:\/\/ena.cl\/?p=2172"},"modified":"2017-07-05T21:59:56","modified_gmt":"2017-07-05T21:59:56","slug":"hospital-barros-luco-trudeau-se-capacita-deberes-derechos-los-pacientes","status":"publish","type":"post","link":"https:\/\/ena.cl\/?p=2172","title":{"rendered":"Hospital Barros Luco Trudeau se capacita en Deberes y Derechos de los Pacientes"},"content":{"rendered":"<p><a href=\"https:\/\/ena.cl\/wp-content\/uploads\/2017\/05\/IMG-20170511-WA0000.jpg\"><img loading=\"lazy\" decoding=\"async\" class=\"size-medium wp-image-1830 alignleft\" src=\"https:\/\/ena.cl\/wp-content\/uploads\/2017\/05\/IMG-20170511-WA0000-300x225.jpg\" alt=\"img-20170511-wa0000\" width=\"300\" height=\"225\" srcset=\"https:\/\/ena.cl\/wp-content\/uploads\/2017\/05\/IMG-20170511-WA0000-300x225.jpg 300w, https:\/\/ena.cl\/wp-content\/uploads\/2017\/05\/IMG-20170511-WA0000-600x450.jpg 600w, https:\/\/ena.cl\/wp-content\/uploads\/2017\/05\/IMG-20170511-WA0000-768x576.jpg 768w, https:\/\/ena.cl\/wp-content\/uploads\/2017\/05\/IMG-20170511-WA0000-1024x768.jpg 1024w, https:\/\/ena.cl\/wp-content\/uploads\/2017\/05\/IMG-20170511-WA0000-1200x900.jpg 1200w, https:\/\/ena.cl\/wp-content\/uploads\/2017\/05\/IMG-20170511-WA0000-400x300.jpg 400w, https:\/\/ena.cl\/wp-content\/uploads\/2017\/05\/IMG-20170511-WA0000.jpg 1280w\" sizes=\"auto, (max-width: 300px) 100vw, 300px\" \/><\/a>En Santiago, desde los d\u00edas 02 al 11 de mayo 2017, se capacit\u00f3 a un total de 25 funcionarios del Complejo Asistencial Barros Luco en materia de \u201cDeberes y Derechos de los Pacientes\u201d.<\/p>\n<p>La actividad se desarroll\u00f3 en dependencias del Complejo Asistencial Barros Luco y se dividi\u00f3 en dos grupos que recibieron la respectiva capacitaci\u00f3n sobre estas materias.<\/p>\n<p>Los contenidos del curso, se distribuyeron en dos partes, por un lado, se revisaron los aspectos legales y de normativa propiamente, mientras que, en paralelo se abordaron los aspectos vivenciales y pr\u00e1cticos del trato al usuario, donde las tem\u00e1ticas estuvieron vinculadas al trato digno, comunicaci\u00f3n efectiva, empat\u00eda, asertividad y manejo de situaciones dif\u00edciles.<\/p>\n<p>La capacitaci\u00f3n tuvo como objetivo que sus participantes fortalecieran las competencias necesarias para aplicar las reglas y principios de la Ley 20.584 sobre Deberes y Derechos de las personas en su atenci\u00f3n en salud; garantizando as\u00ed el cumplimiento de la mencionada normativa para entregar a los usuarios un trato digno, cordial y respetuoso.<\/p>\n<p>De esta forma, el foco del curso se orient\u00f3 a que sus participantes pudiesen adquirir las competencias que le permitan, por una parte, garantizar en su tarea diaria la seguridad en la atenci\u00f3n de salud, un trato digno a enfermos, familiares y acompa\u00f1antes, que cada persona enferma tenga la debida compa\u00f1\u00eda y asistencia espiritual, se informe adecuadamente a quienes lo requieran, se protejan los datos del enfermo en la ficha cl\u00ednica y se permita, a este \u00faltimo como a familiares y quienes a su cuidado se encuentren, adoptar decisiones libres e informadas, sin discriminaci\u00f3n y con acceso a instancias de participaci\u00f3n.<\/p>\n<p>De igual manera, la normativa no s\u00f3lo reconoce derechos, sino tambi\u00e9n establece deberes de parte de los pacientes, los que deben ser conocidos y exigidos por parte de los funcionarios del sector salud.<\/p>\n<p>El curso se desarroll\u00f3 con una metodolog\u00eda te\u00f3rico-pr\u00e1ctica en la cual se intercalaron las clases expositivas, con talleres de casos pr\u00e1cticos y apoyo de material audiovisual que estimul\u00f3 la participaci\u00f3n de los alumnos y propici\u00f3 la internalizaci\u00f3n de los contenidos y el desarrollo de competencias en los funcionarios.<\/p>\n<h3>Im\u00e1genes del Curso<\/h3>\n<p>[gm album=8]<\/p>\n","protected":false},"excerpt":{"rendered":"<p>En Santiago, desde los d\u00edas 02 al 11 de mayo 2017, se capacit\u00f3 a un total de 25 funcionarios del Complejo Asistencial Barros Luco en materia de \u201cDeberes y Derechos de los Pacientes\u201d. La actividad se desarroll\u00f3 en dependencias del Complejo Asistencial Barros Luco y se dividi\u00f3 en dos grupos que recibieron la respectiva capacitaci\u00f3n&hellip;<\/p>\n","protected":false},"author":5,"featured_media":1830,"comment_status":"closed","ping_status":"closed","sticky":false,"template":"","format":"standard","meta":{"footnotes":""},"categories":[2,15],"tags":[],"class_list":["post-2172","post","type-post","status-publish","format-standard","has-post-thumbnail","hentry","category-noticias","category-ultimos-cursos","category-2","category-15","description-off"],"_links":{"self":[{"href":"https:\/\/ena.cl\/index.php?rest_route=\/wp\/v2\/posts\/2172","targetHints":{"allow":["GET"]}}],"collection":[{"href":"https:\/\/ena.cl\/index.php?rest_route=\/wp\/v2\/posts"}],"about":[{"href":"https:\/\/ena.cl\/index.php?rest_route=\/wp\/v2\/types\/post"}],"author":[{"embeddable":true,"href":"https:\/\/ena.cl\/index.php?rest_route=\/wp\/v2\/users\/5"}],"replies":[{"embeddable":true,"href":"https:\/\/ena.cl\/index.php?rest_route=%2Fwp%2Fv2%2Fcomments&post=2172"}],"version-history":[{"count":1,"href":"https:\/\/ena.cl\/index.php?rest_route=\/wp\/v2\/posts\/2172\/revisions"}],"predecessor-version":[{"id":2173,"href":"https:\/\/ena.cl\/index.php?rest_route=\/wp\/v2\/posts\/2172\/revisions\/2173"}],"wp:featuredmedia":[{"embeddable":true,"href":"https:\/\/ena.cl\/index.php?rest_route=\/wp\/v2\/media\/1830"}],"wp:attachment":[{"href":"https:\/\/ena.cl\/index.php?rest_route=%2Fwp%2Fv2%2Fmedia&parent=2172"}],"wp:term":[{"taxonomy":"category","embeddable":true,"href":"https:\/\/ena.cl\/index.php?rest_route=%2Fwp%2Fv2%2Fcategories&post=2172"},{"taxonomy":"post_tag","embeddable":true,"href":"https:\/\/ena.cl\/index.php?rest_route=%2Fwp%2Fv2%2Ftags&post=2172"}],"curies":[{"name":"wp","href":"https:\/\/api.w.org\/{rel}","templated":true}]}}