{"id":2157,"date":"2017-07-05T21:57:33","date_gmt":"2017-07-05T21:57:33","guid":{"rendered":"https:\/\/ena.cl\/?p=2157"},"modified":"2017-07-05T21:57:33","modified_gmt":"2017-07-05T21:57:33","slug":"hospital-victoria-se-capacita-buenas-practicas-laborales","status":"publish","type":"post","link":"https:\/\/ena.cl\/?p=2157","title":{"rendered":"Hospital Victoria se capacita en Buenas Pr\u00e1cticas Laborales"},"content":{"rendered":"<p><a href=\"https:\/\/ena.cl\/wp-content\/uploads\/2017\/07\/IMG-20170424-WA0005.jpg\"><img loading=\"lazy\" decoding=\"async\" class=\"size-medium wp-image-2158 alignleft\" src=\"https:\/\/ena.cl\/wp-content\/uploads\/2017\/07\/IMG-20170424-WA0005-300x180.jpg\" alt=\"img-20170424-wa0005\" width=\"300\" height=\"180\" srcset=\"https:\/\/ena.cl\/wp-content\/uploads\/2017\/07\/IMG-20170424-WA0005-300x180.jpg 300w, https:\/\/ena.cl\/wp-content\/uploads\/2017\/07\/IMG-20170424-WA0005-600x360.jpg 600w, https:\/\/ena.cl\/wp-content\/uploads\/2017\/07\/IMG-20170424-WA0005-768x461.jpg 768w, https:\/\/ena.cl\/wp-content\/uploads\/2017\/07\/IMG-20170424-WA0005-1024x614.jpg 1024w, https:\/\/ena.cl\/wp-content\/uploads\/2017\/07\/IMG-20170424-WA0005.jpg 1280w\" sizes=\"auto, (max-width: 300px) 100vw, 300px\" \/><\/a>En Victoria los d\u00edas 30 y 31 de marzo y 20 y 21 de abril se capacit\u00f3 a un total de 100 funcionarios del Hospital San Jos\u00e9 de Victoria en temas referentes a las \u201cBuenas Pr\u00e1cticas Laborales\u201d.<\/p>\n<p>La capacitaci\u00f3n se desarroll\u00f3 en dos cursos en los cuales el eje se centr\u00f3 en que sus asistentes pudieren incorporar los conocimientos para desarrollar una cultura de buen trato al interior de su instituci\u00f3n, consider\u00e1ndola como un pilar fundamental en la provisi\u00f3n de un buen clima laboral.<\/p>\n<p>En este contexto el programa acad\u00e9mico se estructur\u00f3 en base a los siguientes contenidos: nuevo trato laboral, derechos laborales, inducci\u00f3n a la gesti\u00f3n p\u00fablica, ciclo de vida laboral, deberes y derechos funcionarios, derechos parentales, gesti\u00f3n de la conciliaci\u00f3n de responsabilidades laborales con obligaciones familiares. Finalmente, uno de los temas tratados con especial \u00e9nfasis fue el de la prevenci\u00f3n y sanci\u00f3n del acoso laboral y sexual en el lugar de trabajo.<\/p>\n<p>A nivel metodol\u00f3gico el curso incluy\u00f3 charlas expositivas de contenidos y talleres elaborados para propiciar la participaci\u00f3n de los alumnos y estimular el desarrollo de competencias. El enfoque de las clases se enmarc\u00f3 dentro de la formaci\u00f3n de adultos, basada en la integraci\u00f3n de los contenidos con su experiencia laboral.<\/p>\n<h3>Im\u00e1genes Curso<\/h3>\n<p>[gm album=9]<\/p>\n","protected":false},"excerpt":{"rendered":"<p>En Victoria los d\u00edas 30 y 31 de marzo y 20 y 21 de abril se capacit\u00f3 a un total de 100 funcionarios del Hospital San Jos\u00e9 de Victoria en temas referentes a las \u201cBuenas Pr\u00e1cticas Laborales\u201d. La capacitaci\u00f3n se desarroll\u00f3 en dos cursos en los cuales el eje se centr\u00f3 en que sus asistentes&hellip;<\/p>\n","protected":false},"author":5,"featured_media":2158,"comment_status":"closed","ping_status":"closed","sticky":false,"template":"","format":"standard","meta":{"footnotes":""},"categories":[2,15],"tags":[],"class_list":["post-2157","post","type-post","status-publish","format-standard","has-post-thumbnail","hentry","category-noticias","category-ultimos-cursos","category-2","category-15","description-off"],"_links":{"self":[{"href":"https:\/\/ena.cl\/index.php?rest_route=\/wp\/v2\/posts\/2157","targetHints":{"allow":["GET"]}}],"collection":[{"href":"https:\/\/ena.cl\/index.php?rest_route=\/wp\/v2\/posts"}],"about":[{"href":"https:\/\/ena.cl\/index.php?rest_route=\/wp\/v2\/types\/post"}],"author":[{"embeddable":true,"href":"https:\/\/ena.cl\/index.php?rest_route=\/wp\/v2\/users\/5"}],"replies":[{"embeddable":true,"href":"https:\/\/ena.cl\/index.php?rest_route=%2Fwp%2Fv2%2Fcomments&post=2157"}],"version-history":[{"count":2,"href":"https:\/\/ena.cl\/index.php?rest_route=\/wp\/v2\/posts\/2157\/revisions"}],"predecessor-version":[{"id":2164,"href":"https:\/\/ena.cl\/index.php?rest_route=\/wp\/v2\/posts\/2157\/revisions\/2164"}],"wp:featuredmedia":[{"embeddable":true,"href":"https:\/\/ena.cl\/index.php?rest_route=\/wp\/v2\/media\/2158"}],"wp:attachment":[{"href":"https:\/\/ena.cl\/index.php?rest_route=%2Fwp%2Fv2%2Fmedia&parent=2157"}],"wp:term":[{"taxonomy":"category","embeddable":true,"href":"https:\/\/ena.cl\/index.php?rest_route=%2Fwp%2Fv2%2Fcategories&post=2157"},{"taxonomy":"post_tag","embeddable":true,"href":"https:\/\/ena.cl\/index.php?rest_route=%2Fwp%2Fv2%2Ftags&post=2157"}],"curies":[{"name":"wp","href":"https:\/\/api.w.org\/{rel}","templated":true}]}}