{"id":1590,"date":"2016-07-02T00:00:45","date_gmt":"2016-07-02T00:00:45","guid":{"rendered":"https:\/\/ena.cl\/?p=1590"},"modified":"2017-05-26T21:18:09","modified_gmt":"2017-05-26T21:18:09","slug":"1590-2","status":"publish","type":"post","link":"https:\/\/ena.cl\/?p=1590","title":{"rendered":"En el Hospital de Iquique se fortalece el Liderazgo y la Comunicaci\u00f3n Efectiva"},"content":{"rendered":"<p><img loading=\"lazy\" decoding=\"async\" class=\"alignleft size-medium wp-image-1591\" src=\"https:\/\/ena.cl\/wp-content\/uploads\/2016\/07\/IMG-20160614-WA0004-300x225.jpg\" alt=\"IMG-20160614-WA0004\" width=\"300\" height=\"225\" srcset=\"https:\/\/ena.cl\/wp-content\/uploads\/2016\/07\/IMG-20160614-WA0004-300x225.jpg 300w, https:\/\/ena.cl\/wp-content\/uploads\/2016\/07\/IMG-20160614-WA0004-600x450.jpg 600w, https:\/\/ena.cl\/wp-content\/uploads\/2016\/07\/IMG-20160614-WA0004-768x576.jpg 768w, https:\/\/ena.cl\/wp-content\/uploads\/2016\/07\/IMG-20160614-WA0004-1024x768.jpg 1024w, https:\/\/ena.cl\/wp-content\/uploads\/2016\/07\/IMG-20160614-WA0004-400x300.jpg 400w, https:\/\/ena.cl\/wp-content\/uploads\/2016\/07\/IMG-20160614-WA0004.jpg 1040w\" sizes=\"auto, (max-width: 300px) 100vw, 300px\" \/>En Iquique, los d\u00edas 13 y 14 de junio, se desarroll\u00f3 para 34 estudiantes del Hospital de Iquique el Curso \u201cLiderazgo y Comunicaci\u00f3n Efectiva\u201d.\u00a0La actividad estuvo a cargo de la destacada y experimentada Psic\u00f3loga Sra. Ximena Peralta Molina.<\/p>\n<p>La actividad, tuvo por finalidad abordar y Desarrollar potencialidades humanas brindando recursos para el crecimiento como l\u00edder de sus respectivas \u00e1reas o servicios a cargo. \u201cSin comunicaci\u00f3n, no puede haber liderazgo\u201d. El ser humano por naturaleza posee necesidades sociales como es ser parte de la sociedad, no somos seres individualizados, aprendemos a relacionarnos con otros desde que nacemos.<\/p>\n<p>La comunicaci\u00f3n es un elemento clave, para poder llevar a cabo esta necesidad, las organizaciones en la actualidad se mantienen constantemente comunic\u00e1ndose entre s\u00ed, ya sea internamente, con clientes externos, internos o miembros de la sociedad etc. Cuando hablamos de \u201cSin comunicaci\u00f3n no puede haber liderazgo\u201d \u00bfA que nos referimos? Una de las principales cualidades de un l\u00edder es que debe ser capaz de comunicar y lograr influenciar a las personas hacia un fin en com\u00fan. Aprender que el cambio comienza desde uno mismo, es encontrarnos con cada uno desde lo m\u00e1s profundo reconociendo nuestros saboteadores internos y externos.<\/p>\n<p>El estudio consisti\u00f3 en conocer la teor\u00eda del liderazgo y organizaci\u00f3n. Aprender herramientas de trabajo con personas. Comprender conceptos de comunicaci\u00f3n y la forma de lograr una comunicaci\u00f3n efectiva. Conocer estrategias para el manejo y resoluci\u00f3n de conflictos que se generan al interior de la organizaci\u00f3n por el estr\u00e9s y la presi\u00f3n laboral que enfrentan a diario, adem\u00e1s de, comprender la historia y el presente de la psicolog\u00eda positiva y el liderazgo personal y de equipos.<\/p>\n<p>En conclusi\u00f3n \u201cSin comunicaci\u00f3n, no puede haber liderazgo\u201d, la comunicaci\u00f3n tiene un enorme poder en todos los sentidos, puede destruir f\u00e1cilmente una Organizaci\u00f3n y a la vez puede fortalecerla y llevar a otro nivel, todo depende de su adecuado uso y c\u00f3mo es manejada la comunicaci\u00f3n de los l\u00edderes de la organizaci\u00f3n, de pasar a ser una Organizaci\u00f3n toxica a una Organizaci\u00f3n saludable y en ese trabajo estamos todos invitados e involucrados.<\/p>\n<p>Finalmente el Curso tambi\u00e9n abord\u00f3 la importancia de aprender a ejercer nuestro propio liderazgo, para poder liderar a otros dentro de un contexto de colaboraci\u00f3n, motivaci\u00f3n y reconocimiento.<\/p>\n<h3>Im\u00e1genes de la actividad<\/h3>\n<p>[gm album=4]<\/p>\n","protected":false},"excerpt":{"rendered":"<p>En Iquique, los d\u00edas 13 y 14 de junio, se desarroll\u00f3 para 34 estudiantes del Hospital de Iquique el Curso \u201cLiderazgo y Comunicaci\u00f3n Efectiva\u201d.\u00a0La actividad estuvo a cargo de la destacada y experimentada Psic\u00f3loga Sra. Ximena Peralta Molina. La actividad, tuvo por finalidad abordar y Desarrollar potencialidades humanas brindando recursos para el crecimiento como l\u00edder&hellip;<\/p>\n","protected":false},"author":3,"featured_media":1591,"comment_status":"closed","ping_status":"closed","sticky":false,"template":"","format":"standard","meta":{"footnotes":""},"categories":[14,2,15],"tags":[],"class_list":["post-1590","post","type-post","status-publish","format-standard","has-post-thumbnail","hentry","category-newsletter","category-noticias","category-ultimos-cursos","category-14","category-2","category-15","description-off"],"_links":{"self":[{"href":"https:\/\/ena.cl\/index.php?rest_route=\/wp\/v2\/posts\/1590","targetHints":{"allow":["GET"]}}],"collection":[{"href":"https:\/\/ena.cl\/index.php?rest_route=\/wp\/v2\/posts"}],"about":[{"href":"https:\/\/ena.cl\/index.php?rest_route=\/wp\/v2\/types\/post"}],"author":[{"embeddable":true,"href":"https:\/\/ena.cl\/index.php?rest_route=\/wp\/v2\/users\/3"}],"replies":[{"embeddable":true,"href":"https:\/\/ena.cl\/index.php?rest_route=%2Fwp%2Fv2%2Fcomments&post=1590"}],"version-history":[{"count":6,"href":"https:\/\/ena.cl\/index.php?rest_route=\/wp\/v2\/posts\/1590\/revisions"}],"predecessor-version":[{"id":1874,"href":"https:\/\/ena.cl\/index.php?rest_route=\/wp\/v2\/posts\/1590\/revisions\/1874"}],"wp:featuredmedia":[{"embeddable":true,"href":"https:\/\/ena.cl\/index.php?rest_route=\/wp\/v2\/media\/1591"}],"wp:attachment":[{"href":"https:\/\/ena.cl\/index.php?rest_route=%2Fwp%2Fv2%2Fmedia&parent=1590"}],"wp:term":[{"taxonomy":"category","embeddable":true,"href":"https:\/\/ena.cl\/index.php?rest_route=%2Fwp%2Fv2%2Fcategories&post=1590"},{"taxonomy":"post_tag","embeddable":true,"href":"https:\/\/ena.cl\/index.php?rest_route=%2Fwp%2Fv2%2Ftags&post=1590"}],"curies":[{"name":"wp","href":"https:\/\/api.w.org\/{rel}","templated":true}]}}