{"id":1584,"date":"2016-07-02T00:00:30","date_gmt":"2016-07-02T00:00:30","guid":{"rendered":"https:\/\/ena.cl\/?p=1584"},"modified":"2016-07-02T04:34:39","modified_gmt":"2016-07-02T04:34:39","slug":"1584-2","status":"publish","type":"post","link":"https:\/\/ena.cl\/?p=1584","title":{"rendered":"En Puerto Montt el Ministerio Desarrollo Social se actualiza en Acoso Laboral"},"content":{"rendered":"<p><img loading=\"lazy\" decoding=\"async\" class=\"alignleft size-medium wp-image-1585\" src=\"https:\/\/ena.cl\/wp-content\/uploads\/2016\/07\/IMG_6044-300x225.jpg\" alt=\"IMG_6044\" width=\"300\" height=\"225\" srcset=\"https:\/\/ena.cl\/wp-content\/uploads\/2016\/07\/IMG_6044-300x225.jpg 300w, https:\/\/ena.cl\/wp-content\/uploads\/2016\/07\/IMG_6044-600x450.jpg 600w, https:\/\/ena.cl\/wp-content\/uploads\/2016\/07\/IMG_6044-768x576.jpg 768w, https:\/\/ena.cl\/wp-content\/uploads\/2016\/07\/IMG_6044-1024x768.jpg 1024w, https:\/\/ena.cl\/wp-content\/uploads\/2016\/07\/IMG_6044-1200x900.jpg 1200w, https:\/\/ena.cl\/wp-content\/uploads\/2016\/07\/IMG_6044-400x300.jpg 400w\" sizes=\"auto, (max-width: 300px) 100vw, 300px\" \/>En la ciudad de Puerto Montt, los d\u00edas 20 y 21 de junio, se desarroll\u00f3 para el Ministerio de Desarrollo Social el primero del ciclo de cinco Cursos denominados \u201cAcoso y Discriminaci\u00f3n Arbitraria: Implicancias Psicol\u00f3gicas y M\u00e9dico Legales\u201d orientado a 25 funcionarios P\u00fablicos de Planta, a Contrata, y Contratados a Honorarios, Curso que cont\u00f3 adem\u00e1s con la destacada presencia de la Asociaci\u00f3n de Funcionarios.<\/p>\n<p>La actividad que se propuso desde un enfoque multidisciplinario, tuvo como finalidad abordar el Acoso Laboral, Sexual y la Discriminaci\u00f3n Arbitraria, desde el tratamiento m\u00e9dico, psicol\u00f3gico y jur\u00eddico con la finalidad de dar respuestas a las diferentes problem\u00e1ticas involucradas, definiendo de manera general los pasos a seguir as\u00ed como las estrategias a trazar a la medida de cada v\u00edctima.<\/p>\n<p>Entre sus principales objetivos se destacan: que los estudiantes a partir del diagn\u00f3stico y pron\u00f3stico m\u00e9dico, en el paciente afectado por el acoso y la discriminaci\u00f3n arbitraria, comprendieran las alternativas de tratamiento, as\u00ed como los eventuales resultados posibles, y las consecuencias econ\u00f3micas, que por la v\u00eda de las licencias m\u00e9dicas, ausentismo u otros, son provocadas como consecuencia del acoso laboral y la discriminaci\u00f3n arbitraria. Asimismo, que sus participantes conocieran y comprendieran las consecuencias administrativas, civiles y penales que puede originar el atentado contra la dignidad funcionaria con especial \u00e9nfasis en los procedimientos administrativo &#8211; disciplinarios, en el marco de los protocolos y reglamentos institucionales, al interior de la Administraci\u00f3n, y el procedimiento de tutela de derechos laborales, conforme al C\u00f3digo del Trabajo, ante los juzgados del trabajo.<\/p>\n<p>El Curso sigue avanzando por el pa\u00eds especialmente en las regiones de la Araucan\u00eda, Tarapac\u00e1, O\u2019Higgins, y Ays\u00e9n.<\/p>\n","protected":false},"excerpt":{"rendered":"<p>En la ciudad de Puerto Montt, los d\u00edas 20 y 21 de junio, se desarroll\u00f3 para el Ministerio de Desarrollo Social el primero del ciclo de cinco Cursos denominados \u201cAcoso y Discriminaci\u00f3n Arbitraria: Implicancias Psicol\u00f3gicas y M\u00e9dico Legales\u201d orientado a 25 funcionarios P\u00fablicos de Planta, a Contrata, y Contratados a Honorarios, Curso que cont\u00f3 adem\u00e1s&hellip;<\/p>\n","protected":false},"author":3,"featured_media":1585,"comment_status":"closed","ping_status":"closed","sticky":false,"template":"","format":"standard","meta":{"footnotes":""},"categories":[14,2,15],"tags":[],"class_list":["post-1584","post","type-post","status-publish","format-standard","has-post-thumbnail","hentry","category-newsletter","category-noticias","category-ultimos-cursos","category-14","category-2","category-15","description-off"],"_links":{"self":[{"href":"https:\/\/ena.cl\/index.php?rest_route=\/wp\/v2\/posts\/1584","targetHints":{"allow":["GET"]}}],"collection":[{"href":"https:\/\/ena.cl\/index.php?rest_route=\/wp\/v2\/posts"}],"about":[{"href":"https:\/\/ena.cl\/index.php?rest_route=\/wp\/v2\/types\/post"}],"author":[{"embeddable":true,"href":"https:\/\/ena.cl\/index.php?rest_route=\/wp\/v2\/users\/3"}],"replies":[{"embeddable":true,"href":"https:\/\/ena.cl\/index.php?rest_route=%2Fwp%2Fv2%2Fcomments&post=1584"}],"version-history":[{"count":3,"href":"https:\/\/ena.cl\/index.php?rest_route=\/wp\/v2\/posts\/1584\/revisions"}],"predecessor-version":[{"id":1589,"href":"https:\/\/ena.cl\/index.php?rest_route=\/wp\/v2\/posts\/1584\/revisions\/1589"}],"wp:featuredmedia":[{"embeddable":true,"href":"https:\/\/ena.cl\/index.php?rest_route=\/wp\/v2\/media\/1585"}],"wp:attachment":[{"href":"https:\/\/ena.cl\/index.php?rest_route=%2Fwp%2Fv2%2Fmedia&parent=1584"}],"wp:term":[{"taxonomy":"category","embeddable":true,"href":"https:\/\/ena.cl\/index.php?rest_route=%2Fwp%2Fv2%2Fcategories&post=1584"},{"taxonomy":"post_tag","embeddable":true,"href":"https:\/\/ena.cl\/index.php?rest_route=%2Fwp%2Fv2%2Ftags&post=1584"}],"curies":[{"name":"wp","href":"https:\/\/api.w.org\/{rel}","templated":true}]}}