{"id":1576,"date":"2016-07-02T00:00:33","date_gmt":"2016-07-02T00:00:33","guid":{"rendered":"https:\/\/ena.cl\/?p=1576"},"modified":"2016-07-02T05:14:03","modified_gmt":"2016-07-02T05:14:03","slug":"1576-2","status":"publish","type":"post","link":"https:\/\/ena.cl\/?p=1576","title":{"rendered":"Gobierno Regional de Tarapac\u00e1 se actualiza para su Evaluaci\u00f3n del Desempe\u00f1o 2016"},"content":{"rendered":"<p><img loading=\"lazy\" decoding=\"async\" class=\"alignleft size-medium wp-image-1579\" src=\"https:\/\/ena.cl\/wp-content\/uploads\/2016\/07\/IMG_6407-300x225.jpg\" alt=\"IMG_6407\" width=\"300\" height=\"225\" srcset=\"https:\/\/ena.cl\/wp-content\/uploads\/2016\/07\/IMG_6407-300x225.jpg 300w, https:\/\/ena.cl\/wp-content\/uploads\/2016\/07\/IMG_6407-600x450.jpg 600w, https:\/\/ena.cl\/wp-content\/uploads\/2016\/07\/IMG_6407-768x576.jpg 768w, https:\/\/ena.cl\/wp-content\/uploads\/2016\/07\/IMG_6407-1024x768.jpg 1024w, https:\/\/ena.cl\/wp-content\/uploads\/2016\/07\/IMG_6407-1200x900.jpg 1200w, https:\/\/ena.cl\/wp-content\/uploads\/2016\/07\/IMG_6407-400x300.jpg 400w\" sizes=\"auto, (max-width: 300px) 100vw, 300px\" \/>En Iquique, los d\u00edas 29 y 30 de junio, se desarroll\u00f3 para 20 estudiantes del Gobierno Regional de Tarapac\u00e1\u00a0el Curso \u201cEl Sistema de Calificaciones\u201d.<\/p>\n<p>La actividad que cont\u00f3 con la destacada presencia de los\u00a0Integrantes de la Junta Calificadora, incluidos sus respectivos Representantes del Personal, la Asociaci\u00f3n de Funcionarios, y personal\u00a0calificado,\u00a0tuvo por finalidad abordar la Evaluaci\u00f3n del Desempe\u00f1o como Instrumento para la medici\u00f3n de la eficiencia con que los funcionarios llevan a cabo las actividades y responsabilidades de que sus puestos de trabajo les exigen.<\/p>\n<p>El estudio, fundado en el Estatuto Administrativo y su reglamentaci\u00f3n general y especial, m\u00e1s los Instrumentos auxilies del Sistema de Evaluaci\u00f3n del Desempe\u00f1o contenidos en la Resoluci\u00f3n Exenta 790 de 2015 del Gore Tarapac\u00e1,\u00a0contempl\u00f3 un an\u00e1lisis riguroso de la principal jurisprudencia administrativa emanada de la Contralor\u00eda General de la Rep\u00fablica y se estructur\u00f3 en cuatro Unidades: \u201cOrganizaci\u00f3n y reglas b\u00e1sicas\u201d donde entre otros temas se abordaron las normas generales\u00a0incorporadas por el Estatuto Administrativo y el Reglamento General de calificaciones; \u201cLa Precalificaci\u00f3n\u201d ocasi\u00f3n en la cual se revis\u00f3 con especial detalle la denominada Entrevista de Retroalimentaci\u00f3n; \u201cLa Calificaci\u00f3n\u201d donde se estudio en detalle la importancia del Acuerdo Fundado por parte de la Junta Calificatoria; e \u201cImpugnaci\u00f3n del Resultado de las Calificaciones\u201d donde se estudi\u00f3 la Apelaci\u00f3n al Organo Ejecutivo del Gobierno Regional\u00a0y la Reclamaci\u00f3n por Vicio de Legalidad a la Contralor\u00eda General de la Rep\u00fablica.<\/p>\n<p>En la ocasi\u00f3n, adem\u00e1s, el Jefe del Departamento de Desarrollo de las Personas del Gobierno Regional <img loading=\"lazy\" decoding=\"async\" class=\"size-medium wp-image-1577 alignright\" src=\"https:\/\/ena.cl\/wp-content\/uploads\/2016\/07\/IMG_6395-225x300.jpg\" alt=\"IMG_6395\" width=\"225\" height=\"300\" srcset=\"https:\/\/ena.cl\/wp-content\/uploads\/2016\/07\/IMG_6395-225x300.jpg 225w, https:\/\/ena.cl\/wp-content\/uploads\/2016\/07\/IMG_6395-600x800.jpg 600w, https:\/\/ena.cl\/wp-content\/uploads\/2016\/07\/IMG_6395-768x1024.jpg 768w, https:\/\/ena.cl\/wp-content\/uploads\/2016\/07\/IMG_6395-1200x1600.jpg 1200w, https:\/\/ena.cl\/wp-content\/uploads\/2016\/07\/IMG_6395-400x533.jpg 400w, https:\/\/ena.cl\/wp-content\/uploads\/2016\/07\/IMG_6395-300x400.jpg 300w, https:\/\/ena.cl\/wp-content\/uploads\/2016\/07\/IMG_6395-scaled.jpg 1920w\" sizes=\"auto, (max-width: 225px) 100vw, 225px\" \/>expuso, en el marco de la Pol\u00edtica de Gesti\u00f3n y Evaluaci\u00f3n del Desempe\u00f1o, sobre los avances del proyecto de nuevo \u201cReglamento Especial de Calificaciones\u201d del Gobierno Regional de Tarapac\u00e1, as\u00ed como tambi\u00e9n los resultados de la \u201cEncuesta de percepci\u00f3n Cr\u00edtica respecto de la Gesti\u00f3n y Evaluaci\u00f3n del Desempe\u00f1o\u201d aplicada a un universo total de 120 funcionarios del Gore Tarapac\u00e1.<\/p>\n<p>Finalmente el Curso tambi\u00e9n abord\u00f3 la importancia de las calificaciones para los est\u00edmulos funcionarios, la carrera funcionaria: espec\u00edficamente como elemento constitutivo del mecanismo de promoci\u00f3n de profesionales, t\u00e9cnicos, administrativos y auxiliares, y la renovaci\u00f3n del personal a Contrata en virtud de la nueva exigencia de desvinculaci\u00f3n por\u00a0&#8220;acto administrativo motivado&#8221;\u00a0establecido en la nueva doctrina impulsada por el Contralor General de la Rep\u00fablica en su Dictamen\u00a022.766 de fecha 24 de marzo de 2016<\/p>\n","protected":false},"excerpt":{"rendered":"<p>En Iquique, los d\u00edas 29 y 30 de junio, se desarroll\u00f3 para 20 estudiantes del Gobierno Regional de Tarapac\u00e1\u00a0el Curso \u201cEl Sistema de Calificaciones\u201d. La actividad que cont\u00f3 con la destacada presencia de los\u00a0Integrantes de la Junta Calificadora, incluidos sus respectivos Representantes del Personal, la Asociaci\u00f3n de Funcionarios, y personal\u00a0calificado,\u00a0tuvo por finalidad abordar la Evaluaci\u00f3n&hellip;<\/p>\n","protected":false},"author":3,"featured_media":1579,"comment_status":"closed","ping_status":"closed","sticky":false,"template":"","format":"standard","meta":{"footnotes":""},"categories":[14,2,15],"tags":[],"class_list":["post-1576","post","type-post","status-publish","format-standard","has-post-thumbnail","hentry","category-newsletter","category-noticias","category-ultimos-cursos","category-14","category-2","category-15","description-off"],"_links":{"self":[{"href":"https:\/\/ena.cl\/index.php?rest_route=\/wp\/v2\/posts\/1576","targetHints":{"allow":["GET"]}}],"collection":[{"href":"https:\/\/ena.cl\/index.php?rest_route=\/wp\/v2\/posts"}],"about":[{"href":"https:\/\/ena.cl\/index.php?rest_route=\/wp\/v2\/types\/post"}],"author":[{"embeddable":true,"href":"https:\/\/ena.cl\/index.php?rest_route=\/wp\/v2\/users\/3"}],"replies":[{"embeddable":true,"href":"https:\/\/ena.cl\/index.php?rest_route=%2Fwp%2Fv2%2Fcomments&post=1576"}],"version-history":[{"count":7,"href":"https:\/\/ena.cl\/index.php?rest_route=\/wp\/v2\/posts\/1576\/revisions"}],"predecessor-version":[{"id":1867,"href":"https:\/\/ena.cl\/index.php?rest_route=\/wp\/v2\/posts\/1576\/revisions\/1867"}],"wp:featuredmedia":[{"embeddable":true,"href":"https:\/\/ena.cl\/index.php?rest_route=\/wp\/v2\/media\/1579"}],"wp:attachment":[{"href":"https:\/\/ena.cl\/index.php?rest_route=%2Fwp%2Fv2%2Fmedia&parent=1576"}],"wp:term":[{"taxonomy":"category","embeddable":true,"href":"https:\/\/ena.cl\/index.php?rest_route=%2Fwp%2Fv2%2Fcategories&post=1576"},{"taxonomy":"post_tag","embeddable":true,"href":"https:\/\/ena.cl\/index.php?rest_route=%2Fwp%2Fv2%2Ftags&post=1576"}],"curies":[{"name":"wp","href":"https:\/\/api.w.org\/{rel}","templated":true}]}}