{"id":1524,"date":"2016-05-27T00:00:27","date_gmt":"2016-05-27T00:00:27","guid":{"rendered":"https:\/\/ena.cl\/?p=1524"},"modified":"2016-05-27T23:30:47","modified_gmt":"2016-05-27T23:30:47","slug":"estudiantes-del-hospital-sotero-del-rio-se-perfeccionan-calificaciones","status":"publish","type":"post","link":"https:\/\/ena.cl\/?p=1524","title":{"rendered":"Estudiantes del Hospital Sotero del R\u00edo se perfeccionan en Calificaciones"},"content":{"rendered":"<p><img loading=\"lazy\" decoding=\"async\" class=\"alignleft size-medium wp-image-1526\" src=\"https:\/\/ena.cl\/wp-content\/uploads\/2016\/05\/IMG_5356-300x225.jpg\" alt=\"HSR\" width=\"300\" height=\"225\" srcset=\"https:\/\/ena.cl\/wp-content\/uploads\/2016\/05\/IMG_5356-300x225.jpg 300w, https:\/\/ena.cl\/wp-content\/uploads\/2016\/05\/IMG_5356-600x450.jpg 600w, https:\/\/ena.cl\/wp-content\/uploads\/2016\/05\/IMG_5356-768x576.jpg 768w, https:\/\/ena.cl\/wp-content\/uploads\/2016\/05\/IMG_5356-1024x768.jpg 1024w, https:\/\/ena.cl\/wp-content\/uploads\/2016\/05\/IMG_5356-1200x900.jpg 1200w, https:\/\/ena.cl\/wp-content\/uploads\/2016\/05\/IMG_5356-400x300.jpg 400w\" sizes=\"auto, (max-width: 300px) 100vw, 300px\" \/>En Santiago, entre los d\u00edas 23 al 26 de mayo, se desarroll\u00f3 para 40 estudiantes del Hospital Dr. S\u00f3tero del Rio el Curso \u201cEl Sistema de Calificaciones del Personal de Salud\u201d. La actividad que cont\u00f3 con la destacada presencia de una Integrante de la Junta Calificadora Hospitalaria, la Representante del Personal 2014-2015, Representantes Estamentales, Precalificadores y Precalificados, tuvo por finalidad abordar la Evaluaci\u00f3n del Desempe\u00f1o como Instrumento para la medici\u00f3n de la eficiencia con que los funcionarios llevan a cabo las actividades y responsabilidades de que sus puestos de trabajo les exigen.<\/p>\n<p>El estudio, fundado en las metas t\u00e9cnicas del Hospital, contempl\u00f3 un an\u00e1lisis riguroso de la principal jurisprudencia administrativa emanada de la Contralor\u00eda General de la Rep\u00fablica y se estructur\u00f3 en cuatro Unidades: \u201cOrganizaci\u00f3n y reglas b\u00e1sicas\u201d donde entre otros temas se abordaron las normas especiales incorporadas por la Ley de Autoridad Sanitaria; \u201cLa Precalificaci\u00f3n\u201d ocasi\u00f3n en la cual se revis\u00f3 con especial detalle la denominada Entrevista de Retroalimentaci\u00f3n; \u201cLa Calificaci\u00f3n\u201d donde se estudio en detalle la importancia del Acuerdo Fundado por parte de la Junta Calificatoria; e \u201cImpugnaci\u00f3n del Resultado de las Calificaciones\u201d donde se estudi\u00f3 la Apelaci\u00f3n al Director del Hospital y la Reclamaci\u00f3n por Vicio de Legalidad a la Contralor\u00eda General de la Rep\u00fablica.<\/p>\n<p>Finalmente el Curso tambi\u00e9n abord\u00f3 la importancia de las calificaciones para la carrera funcionaria, espec\u00edficamente como elemento constitutivo del mecanismo de promoci\u00f3n de profesionales, t\u00e9cnicos, administrativos y auxiliares, y los est\u00edmulos, como es el especial caso de la Asignaci\u00f3n de Est\u00edmulo al Desempe\u00f1o Funcionario dispuesto en la Ley 19.490.<\/p>\n","protected":false},"excerpt":{"rendered":"<p>En Santiago, entre los d\u00edas 23 al 26 de mayo, se desarroll\u00f3 para 40 estudiantes del Hospital Dr. S\u00f3tero del Rio el Curso \u201cEl Sistema de Calificaciones del Personal de Salud\u201d. La actividad que cont\u00f3 con la destacada presencia de una Integrante de la Junta Calificadora Hospitalaria, la Representante del Personal 2014-2015, Representantes Estamentales, Precalificadores&hellip;<\/p>\n","protected":false},"author":3,"featured_media":1527,"comment_status":"closed","ping_status":"closed","sticky":false,"template":"","format":"standard","meta":{"footnotes":""},"categories":[14,2,15],"tags":[],"class_list":["post-1524","post","type-post","status-publish","format-standard","has-post-thumbnail","hentry","category-newsletter","category-noticias","category-ultimos-cursos","category-14","category-2","category-15","description-off"],"_links":{"self":[{"href":"https:\/\/ena.cl\/index.php?rest_route=\/wp\/v2\/posts\/1524","targetHints":{"allow":["GET"]}}],"collection":[{"href":"https:\/\/ena.cl\/index.php?rest_route=\/wp\/v2\/posts"}],"about":[{"href":"https:\/\/ena.cl\/index.php?rest_route=\/wp\/v2\/types\/post"}],"author":[{"embeddable":true,"href":"https:\/\/ena.cl\/index.php?rest_route=\/wp\/v2\/users\/3"}],"replies":[{"embeddable":true,"href":"https:\/\/ena.cl\/index.php?rest_route=%2Fwp%2Fv2%2Fcomments&post=1524"}],"version-history":[{"count":2,"href":"https:\/\/ena.cl\/index.php?rest_route=\/wp\/v2\/posts\/1524\/revisions"}],"predecessor-version":[{"id":1528,"href":"https:\/\/ena.cl\/index.php?rest_route=\/wp\/v2\/posts\/1524\/revisions\/1528"}],"wp:featuredmedia":[{"embeddable":true,"href":"https:\/\/ena.cl\/index.php?rest_route=\/wp\/v2\/media\/1527"}],"wp:attachment":[{"href":"https:\/\/ena.cl\/index.php?rest_route=%2Fwp%2Fv2%2Fmedia&parent=1524"}],"wp:term":[{"taxonomy":"category","embeddable":true,"href":"https:\/\/ena.cl\/index.php?rest_route=%2Fwp%2Fv2%2Fcategories&post=1524"},{"taxonomy":"post_tag","embeddable":true,"href":"https:\/\/ena.cl\/index.php?rest_route=%2Fwp%2Fv2%2Ftags&post=1524"}],"curies":[{"name":"wp","href":"https:\/\/api.w.org\/{rel}","templated":true}]}}