{"id":1514,"date":"2016-05-27T00:00:08","date_gmt":"2016-05-27T00:00:08","guid":{"rendered":"https:\/\/ena.cl\/?p=1514"},"modified":"2016-05-27T21:07:11","modified_gmt":"2016-05-27T21:07:11","slug":"consejo-la-cultura-las-artes-estudia-modelos-avanzados-gestion-desarrollo-personas","status":"publish","type":"post","link":"https:\/\/ena.cl\/?p=1514","title":{"rendered":"El Consejo de la Cultura y las Artes estudia nuevos Modelos en Gesti\u00f3n de Personal"},"content":{"rendered":"<p><img loading=\"lazy\" decoding=\"async\" class=\"alignleft size-medium wp-image-1515\" src=\"https:\/\/ena.cl\/wp-content\/uploads\/2016\/05\/IMG_5370-300x169.jpg\" alt=\"CNCA\" width=\"300\" height=\"169\" srcset=\"https:\/\/ena.cl\/wp-content\/uploads\/2016\/05\/IMG_5370-300x169.jpg 300w, https:\/\/ena.cl\/wp-content\/uploads\/2016\/05\/IMG_5370-600x337.jpg 600w, https:\/\/ena.cl\/wp-content\/uploads\/2016\/05\/IMG_5370-768x431.jpg 768w, https:\/\/ena.cl\/wp-content\/uploads\/2016\/05\/IMG_5370-1024x575.jpg 1024w, https:\/\/ena.cl\/wp-content\/uploads\/2016\/05\/IMG_5370.jpg 1280w\" sizes=\"auto, (max-width: 300px) 100vw, 300px\" \/>En la ciudad de Valpara\u00edso los d\u00edas\u00a025 y 26 de mayo se realiz\u00f3 para el Consejo Nacional de la Cultura y las Artes un curso taller denominado \u201c<em><strong>Modelos Avanzados de Gesti\u00f3n y Desarrollo de Personas en el \u00c1mbito P\u00fablico: Propuestas para su Implementaci\u00f3n en el CNCA<\/strong><\/em>\u201d esta actividad cont\u00f3 con la presencia de 20 funcionarios que desempe\u00f1an funciones en el \u00e1rea de recursos humanos de dicha instituci\u00f3n, entre las tem\u00e1ticas tratadas \u00a0resaltan el marco te\u00f3rico de modelos de gesti\u00f3n de personas, as\u00ed como el desarrollo de la gesti\u00f3n de recursos humanos en el sector p\u00fablico chileno y los desaf\u00edo que existen en este \u00e1mbito.<\/p>\n<p>Se analizaron los distintos subprocesos que componen un modelo integrado de gesti\u00f3n de recursos humanos, y por sobre todo trat\u00e1ndose de un taller se comparti\u00f3 experiencias en materias de ciclo de vida laboral (Gesti\u00f3n del Desempe\u00f1o, Organizaci\u00f3n del Trabajo, Gesti\u00f3n del Empleo, Gesti\u00f3n del Rendimiento, Gesti\u00f3n del Desarrollo, Gesti\u00f3n del Cambio, Gesti\u00f3n de las Relaciones laborales), hubo an\u00e1lisis de casos recurrentes en la gesti\u00f3n de personas en el sector p\u00fablico y se trabaj\u00f3 en los lineamientos generales para levantar una propuesta de modelo de gesti\u00f3n que responda a las necesidades y cultura del Consejo Nacional de la Cultura y las Artes.<\/p>\n<p>El desarrollo de la actividad se orient\u00f3 a transitar desde la teor\u00eda a la pr\u00e1ctica, incluyendo las complejidades y caracter\u00edsticas propias de la gesti\u00f3n de personas en el \u00e1mbito p\u00fablico, pero por sobre todo que los participantes desarrollaran habilidades para comprender y participar de un proceso de levantamiento de un modelo de gesti\u00f3n y desarrollo de recursos humanos integrado a los objetivos estrat\u00e9gicos de la organizaci\u00f3n.<\/p>\n","protected":false},"excerpt":{"rendered":"<p>En la ciudad de Valpara\u00edso los d\u00edas\u00a025 y 26 de mayo se realiz\u00f3 para el Consejo Nacional de la Cultura y las Artes un curso taller denominado \u201cModelos Avanzados de Gesti\u00f3n y Desarrollo de Personas en el \u00c1mbito P\u00fablico: Propuestas para su Implementaci\u00f3n en el CNCA\u201d esta actividad cont\u00f3 con la presencia de 20 funcionarios&hellip;<\/p>\n","protected":false},"author":3,"featured_media":1515,"comment_status":"closed","ping_status":"closed","sticky":false,"template":"","format":"standard","meta":{"footnotes":""},"categories":[14,2,15],"tags":[],"class_list":["post-1514","post","type-post","status-publish","format-standard","has-post-thumbnail","hentry","category-newsletter","category-noticias","category-ultimos-cursos","category-14","category-2","category-15","description-off"],"_links":{"self":[{"href":"https:\/\/ena.cl\/index.php?rest_route=\/wp\/v2\/posts\/1514","targetHints":{"allow":["GET"]}}],"collection":[{"href":"https:\/\/ena.cl\/index.php?rest_route=\/wp\/v2\/posts"}],"about":[{"href":"https:\/\/ena.cl\/index.php?rest_route=\/wp\/v2\/types\/post"}],"author":[{"embeddable":true,"href":"https:\/\/ena.cl\/index.php?rest_route=\/wp\/v2\/users\/3"}],"replies":[{"embeddable":true,"href":"https:\/\/ena.cl\/index.php?rest_route=%2Fwp%2Fv2%2Fcomments&post=1514"}],"version-history":[{"count":7,"href":"https:\/\/ena.cl\/index.php?rest_route=\/wp\/v2\/posts\/1514\/revisions"}],"predecessor-version":[{"id":1522,"href":"https:\/\/ena.cl\/index.php?rest_route=\/wp\/v2\/posts\/1514\/revisions\/1522"}],"wp:featuredmedia":[{"embeddable":true,"href":"https:\/\/ena.cl\/index.php?rest_route=\/wp\/v2\/media\/1515"}],"wp:attachment":[{"href":"https:\/\/ena.cl\/index.php?rest_route=%2Fwp%2Fv2%2Fmedia&parent=1514"}],"wp:term":[{"taxonomy":"category","embeddable":true,"href":"https:\/\/ena.cl\/index.php?rest_route=%2Fwp%2Fv2%2Fcategories&post=1514"},{"taxonomy":"post_tag","embeddable":true,"href":"https:\/\/ena.cl\/index.php?rest_route=%2Fwp%2Fv2%2Ftags&post=1514"}],"curies":[{"name":"wp","href":"https:\/\/api.w.org\/{rel}","templated":true}]}}