{"id":1403,"date":"2016-04-14T00:00:49","date_gmt":"2016-04-14T00:00:49","guid":{"rendered":"https:\/\/ena.cl\/?p=1403"},"modified":"2016-04-15T18:03:10","modified_gmt":"2016-04-15T18:03:10","slug":"hospital-van-buren-se-capacita-en-derechos-y-deberes-de-los-pacientes","status":"publish","type":"post","link":"https:\/\/ena.cl\/?p=1403","title":{"rendered":"Hospital van Buren se capacita en Derechos y Deberes de los Pacientes"},"content":{"rendered":"<p><img loading=\"lazy\" decoding=\"async\" class=\"alignleft size-medium wp-image-1404\" src=\"https:\/\/ena.cl\/wp-content\/uploads\/2016\/04\/IMG_3243-300x225.jpg\" alt=\"Hospital van Buren de Valpara\u00edso\" width=\"300\" height=\"225\" srcset=\"https:\/\/ena.cl\/wp-content\/uploads\/2016\/04\/IMG_3243-300x225.jpg 300w, https:\/\/ena.cl\/wp-content\/uploads\/2016\/04\/IMG_3243-600x450.jpg 600w, https:\/\/ena.cl\/wp-content\/uploads\/2016\/04\/IMG_3243-768x576.jpg 768w, https:\/\/ena.cl\/wp-content\/uploads\/2016\/04\/IMG_3243-1024x768.jpg 1024w, https:\/\/ena.cl\/wp-content\/uploads\/2016\/04\/IMG_3243-1200x900.jpg 1200w, https:\/\/ena.cl\/wp-content\/uploads\/2016\/04\/IMG_3243-400x300.jpg 400w\" sizes=\"auto, (max-width: 300px) 100vw, 300px\" \/>Los d\u00edas 23 y 24 de marzo pasados en la ciudad de Vi\u00f1a del Mar se desarroll\u00f3 el Curso sobre \u201cDerechos y Deberes Pacientes\u201d para 30 alumnas y alumnos del Hospital Carlos van Buren de Valpara\u00edso.<\/p>\n<p>Esta capacitaci\u00f3n tuvo como objetivo que sus participantes fortalecieran las competencias necesarias para aplicar las reglas y principios de la Ley 20.584 sobre Deberes y Derechos de las personas en su atenci\u00f3n en salud; garantizando as\u00ed el cumplimiento de la mencionada normativa para entregar a los usuarios un trato digno, cordial y respetuoso.<\/p>\n<p>Para ello, este curso se estructur\u00f3 en cuatro unidades: Reforma al Modelo de Salud Chileno; Derechos y deberes de las personas en su atenci\u00f3n en salud; Instancias y recursos para hacer efectivo el cumplimiento de la Ley 20.584; y la Responsabilidad Sanitaria contenida en la 19.966.<\/p>\n<p>Estos contenidos se revisaron adem\u00e1s en modalidad de talleres pr\u00e1cticos, referidos puntualmente a: Ficha cl\u00ednica y resguardo de informaci\u00f3n; Falta de servicio como causal de responsabilidad m\u00e9dico sanitaria y medicina defensiva, y procedimiento de reclamo ante incumplimiento de las leyes revisadas.<\/p>\n","protected":false},"excerpt":{"rendered":"<p>Los d\u00edas 23 y 24 de marzo pasados en la ciudad de Vi\u00f1a del Mar se desarroll\u00f3 el Curso sobre \u201cDerechos y Deberes Pacientes\u201d para 30 alumnas y alumnos del Hospital Carlos van Buren de Valpara\u00edso. Esta capacitaci\u00f3n tuvo como objetivo que sus participantes fortalecieran las competencias necesarias para aplicar las reglas y principios de&hellip;<\/p>\n","protected":false},"author":3,"featured_media":1404,"comment_status":"closed","ping_status":"closed","sticky":false,"template":"","format":"standard","meta":{"footnotes":""},"categories":[14,2,15],"tags":[],"class_list":["post-1403","post","type-post","status-publish","format-standard","has-post-thumbnail","hentry","category-newsletter","category-noticias","category-ultimos-cursos","category-14","category-2","category-15","description-off"],"_links":{"self":[{"href":"https:\/\/ena.cl\/index.php?rest_route=\/wp\/v2\/posts\/1403","targetHints":{"allow":["GET"]}}],"collection":[{"href":"https:\/\/ena.cl\/index.php?rest_route=\/wp\/v2\/posts"}],"about":[{"href":"https:\/\/ena.cl\/index.php?rest_route=\/wp\/v2\/types\/post"}],"author":[{"embeddable":true,"href":"https:\/\/ena.cl\/index.php?rest_route=\/wp\/v2\/users\/3"}],"replies":[{"embeddable":true,"href":"https:\/\/ena.cl\/index.php?rest_route=%2Fwp%2Fv2%2Fcomments&post=1403"}],"version-history":[{"count":1,"href":"https:\/\/ena.cl\/index.php?rest_route=\/wp\/v2\/posts\/1403\/revisions"}],"predecessor-version":[{"id":1405,"href":"https:\/\/ena.cl\/index.php?rest_route=\/wp\/v2\/posts\/1403\/revisions\/1405"}],"wp:featuredmedia":[{"embeddable":true,"href":"https:\/\/ena.cl\/index.php?rest_route=\/wp\/v2\/media\/1404"}],"wp:attachment":[{"href":"https:\/\/ena.cl\/index.php?rest_route=%2Fwp%2Fv2%2Fmedia&parent=1403"}],"wp:term":[{"taxonomy":"category","embeddable":true,"href":"https:\/\/ena.cl\/index.php?rest_route=%2Fwp%2Fv2%2Fcategories&post=1403"},{"taxonomy":"post_tag","embeddable":true,"href":"https:\/\/ena.cl\/index.php?rest_route=%2Fwp%2Fv2%2Ftags&post=1403"}],"curies":[{"name":"wp","href":"https:\/\/api.w.org\/{rel}","templated":true}]}}