{"id":1398,"date":"2016-04-14T00:00:38","date_gmt":"2016-04-14T00:00:38","guid":{"rendered":"https:\/\/ena.cl\/?p=1398"},"modified":"2016-04-15T18:03:55","modified_gmt":"2016-04-15T18:03:55","slug":"dirigentes-de-la-confenats-se-capacitan-en-estatuto-administrativo","status":"publish","type":"post","link":"https:\/\/ena.cl\/?p=1398","title":{"rendered":"Dirigentes de la CONFENATS se capacitan en Estatuto Administrativo de la Salud"},"content":{"rendered":"<p><img loading=\"lazy\" decoding=\"async\" class=\"alignleft size-medium wp-image-1399\" src=\"https:\/\/ena.cl\/wp-content\/uploads\/2016\/04\/IMG_2538-300x225.jpg\" alt=\"IMG_2538\" width=\"300\" height=\"225\" srcset=\"https:\/\/ena.cl\/wp-content\/uploads\/2016\/04\/IMG_2538-300x225.jpg 300w, https:\/\/ena.cl\/wp-content\/uploads\/2016\/04\/IMG_2538-600x450.jpg 600w, https:\/\/ena.cl\/wp-content\/uploads\/2016\/04\/IMG_2538-768x576.jpg 768w, https:\/\/ena.cl\/wp-content\/uploads\/2016\/04\/IMG_2538-1024x768.jpg 1024w, https:\/\/ena.cl\/wp-content\/uploads\/2016\/04\/IMG_2538-1200x900.jpg 1200w, https:\/\/ena.cl\/wp-content\/uploads\/2016\/04\/IMG_2538-400x300.jpg 400w\" sizes=\"auto, (max-width: 300px) 100vw, 300px\" \/>Nos enorgullece informar que en el marco de nuestro Programa de Extensi\u00f3n Acad\u00e9mica y Responsabilidad Social durante los d\u00edas 8 y 9 de marzo en la ciudad de Santiago 30 Dirigentes Nacionales de la Confederaci\u00f3n Nacional de Trabajadores de la Salud &#8211; CONFENATS, se capacitaron en el Estatuto Administrativo aplicable a los funcionarios del sector salud.<\/p>\n<p>Este Curso, el primero de un plan de capacitaci\u00f3n propuesto a los dirigentes para 2016, se propuso revisar el Estatuto Administrativo, sus reglamentos, y dem\u00e1s normas complementarias, con especial atenci\u00f3n a las disposiciones que, en materia de personal, incorpor\u00f3 la Ley de Autoridad Sanitaria, as\u00ed como la\u00a0principal jurisprudencia administrativa emanada de la Contralor\u00eda General de la Rep\u00fablica, muy en especial en relaci\u00f3n a la forma correcta de buscar, interpretar, y aplicar los Dict\u00e1menes emanados del Ente Contralor.<\/p>\n<p>Los asistentes, en su gran mayor\u00eda dirigentes gremiales de regiones, abordaron los contenidos desde su propia experiencia, laboral y personal, siempre en un entorno metodol\u00f3gico basado en la formaci\u00f3n de adultos.<\/p>\n","protected":false},"excerpt":{"rendered":"<p>Nos enorgullece informar que en el marco de nuestro Programa de Extensi\u00f3n Acad\u00e9mica y Responsabilidad Social durante los d\u00edas 8 y 9 de marzo en la ciudad de Santiago 30 Dirigentes Nacionales de la Confederaci\u00f3n Nacional de Trabajadores de la Salud &#8211; CONFENATS, se capacitaron en el Estatuto Administrativo aplicable a los funcionarios del sector&hellip;<\/p>\n","protected":false},"author":3,"featured_media":1399,"comment_status":"closed","ping_status":"closed","sticky":false,"template":"","format":"standard","meta":{"footnotes":""},"categories":[11,14,2,15],"tags":[],"class_list":["post-1398","post","type-post","status-publish","format-standard","has-post-thumbnail","hentry","category-extension","category-newsletter","category-noticias","category-ultimos-cursos","category-11","category-14","category-2","category-15","description-off"],"_links":{"self":[{"href":"https:\/\/ena.cl\/index.php?rest_route=\/wp\/v2\/posts\/1398","targetHints":{"allow":["GET"]}}],"collection":[{"href":"https:\/\/ena.cl\/index.php?rest_route=\/wp\/v2\/posts"}],"about":[{"href":"https:\/\/ena.cl\/index.php?rest_route=\/wp\/v2\/types\/post"}],"author":[{"embeddable":true,"href":"https:\/\/ena.cl\/index.php?rest_route=\/wp\/v2\/users\/3"}],"replies":[{"embeddable":true,"href":"https:\/\/ena.cl\/index.php?rest_route=%2Fwp%2Fv2%2Fcomments&post=1398"}],"version-history":[{"count":7,"href":"https:\/\/ena.cl\/index.php?rest_route=\/wp\/v2\/posts\/1398\/revisions"}],"predecessor-version":[{"id":1415,"href":"https:\/\/ena.cl\/index.php?rest_route=\/wp\/v2\/posts\/1398\/revisions\/1415"}],"wp:featuredmedia":[{"embeddable":true,"href":"https:\/\/ena.cl\/index.php?rest_route=\/wp\/v2\/media\/1399"}],"wp:attachment":[{"href":"https:\/\/ena.cl\/index.php?rest_route=%2Fwp%2Fv2%2Fmedia&parent=1398"}],"wp:term":[{"taxonomy":"category","embeddable":true,"href":"https:\/\/ena.cl\/index.php?rest_route=%2Fwp%2Fv2%2Fcategories&post=1398"},{"taxonomy":"post_tag","embeddable":true,"href":"https:\/\/ena.cl\/index.php?rest_route=%2Fwp%2Fv2%2Ftags&post=1398"}],"curies":[{"name":"wp","href":"https:\/\/api.w.org\/{rel}","templated":true}]}}