{"id":1279,"date":"2016-02-04T21:58:39","date_gmt":"2016-02-04T21:58:39","guid":{"rendered":"https:\/\/ena.cl\/?p=1279"},"modified":"2016-02-19T03:52:02","modified_gmt":"2016-02-19T03:52:02","slug":"programa-de-vida-sana-para-integrantes-del-servicio-de-salud-bio-bio","status":"publish","type":"post","link":"https:\/\/ena.cl\/?p=1279","title":{"rendered":"Programa de Vida Sana para integrantes del Servicio de Salud B\u00edo B\u00edo"},"content":{"rendered":"<p><a href=\"https:\/\/ena.cl\/wp-content\/uploads\/2016\/02\/Foto-5-SSBB-Vida-Sana.jpg\"><img loading=\"lazy\" decoding=\"async\" class=\"alignleft wp-image-1280\" src=\"https:\/\/ena.cl\/wp-content\/uploads\/2016\/02\/Foto-5-SSBB-Vida-Sana.jpg\" alt=\"Foto 5 SSBB Vida Sana\" width=\"397\" height=\"260\" srcset=\"https:\/\/ena.cl\/wp-content\/uploads\/2016\/02\/Foto-5-SSBB-Vida-Sana.jpg 690w, https:\/\/ena.cl\/wp-content\/uploads\/2016\/02\/Foto-5-SSBB-Vida-Sana-600x393.jpg 600w, https:\/\/ena.cl\/wp-content\/uploads\/2016\/02\/Foto-5-SSBB-Vida-Sana-300x196.jpg 300w\" sizes=\"auto, (max-width: 397px) 100vw, 397px\" \/><\/a>20 horas pedag\u00f3gicas tuvo como duraci\u00f3n la capacitaci\u00f3n dictada a 42 integrantes del Servicio de Salud B\u00edo B\u00edo, quienes participaron en el curso de Vida Sana.<\/p>\n<p>Esta capacitaci\u00f3n tuvo como objetivo que sus estudiantes desarrollaran habilidades para implementar estrategias cognitivo conductuales, para el cambio de h\u00e1bitos en la alimentaci\u00f3n y en la valoraci\u00f3n de la actividad f\u00edsica.<\/p>\n<p>Es as\u00ed que el curso se dividi\u00f3 en tres m\u00f3dulos: Etapas de cambio, a cargo de la psic\u00f3loga Ximena Peralta; Actividad f\u00edsica, dictado por el kinesi\u00f3logo Claudio Soto; y Alimentaci\u00f3n y nutrici\u00f3n, desarrollado por la nutricionista Ana Mar\u00eda Salazar.<\/p>\n<p>Este programa se dict\u00f3 en dos d\u00edas, 21 y 22 de diciembre pasados. La metodolog\u00eda utilizada en ambas jornadas incluy\u00f3 clase expositiva de los contenidos y ejercicios pr\u00e1cticos en modalidad de talleres.<\/p>\n","protected":false},"excerpt":{"rendered":"<p>20 horas pedag\u00f3gicas tuvo como duraci\u00f3n la capacitaci\u00f3n dictada a 42 integrantes del Servicio de Salud B\u00edo B\u00edo, quienes participaron en el curso de Vida Sana. Esta capacitaci\u00f3n tuvo como objetivo que sus estudiantes desarrollaran habilidades para implementar estrategias cognitivo conductuales, para el cambio de h\u00e1bitos en la alimentaci\u00f3n y en la valoraci\u00f3n de la&hellip;<\/p>\n","protected":false},"author":1,"featured_media":1341,"comment_status":"closed","ping_status":"closed","sticky":false,"template":"","format":"standard","meta":{"footnotes":""},"categories":[2,15],"tags":[],"class_list":["post-1279","post","type-post","status-publish","format-standard","has-post-thumbnail","hentry","category-noticias","category-ultimos-cursos","category-2","category-15","description-off"],"_links":{"self":[{"href":"https:\/\/ena.cl\/index.php?rest_route=\/wp\/v2\/posts\/1279","targetHints":{"allow":["GET"]}}],"collection":[{"href":"https:\/\/ena.cl\/index.php?rest_route=\/wp\/v2\/posts"}],"about":[{"href":"https:\/\/ena.cl\/index.php?rest_route=\/wp\/v2\/types\/post"}],"author":[{"embeddable":true,"href":"https:\/\/ena.cl\/index.php?rest_route=\/wp\/v2\/users\/1"}],"replies":[{"embeddable":true,"href":"https:\/\/ena.cl\/index.php?rest_route=%2Fwp%2Fv2%2Fcomments&post=1279"}],"version-history":[{"count":3,"href":"https:\/\/ena.cl\/index.php?rest_route=\/wp\/v2\/posts\/1279\/revisions"}],"predecessor-version":[{"id":1339,"href":"https:\/\/ena.cl\/index.php?rest_route=\/wp\/v2\/posts\/1279\/revisions\/1339"}],"wp:featuredmedia":[{"embeddable":true,"href":"https:\/\/ena.cl\/index.php?rest_route=\/wp\/v2\/media\/1341"}],"wp:attachment":[{"href":"https:\/\/ena.cl\/index.php?rest_route=%2Fwp%2Fv2%2Fmedia&parent=1279"}],"wp:term":[{"taxonomy":"category","embeddable":true,"href":"https:\/\/ena.cl\/index.php?rest_route=%2Fwp%2Fv2%2Fcategories&post=1279"},{"taxonomy":"post_tag","embeddable":true,"href":"https:\/\/ena.cl\/index.php?rest_route=%2Fwp%2Fv2%2Ftags&post=1279"}],"curies":[{"name":"wp","href":"https:\/\/api.w.org\/{rel}","templated":true}]}}