{"id":1276,"date":"2016-02-04T21:45:08","date_gmt":"2016-02-04T21:45:08","guid":{"rendered":"https:\/\/ena.cl\/?p=1276"},"modified":"2016-02-19T03:55:23","modified_gmt":"2016-02-19T03:55:23","slug":"hospital-carlos-van-buren-se-perfecciona-en-deberes-y-derechos-de-los-pacientes","status":"publish","type":"post","link":"https:\/\/ena.cl\/?p=1276","title":{"rendered":"Hospital Carlos Van Buren se perfecciona en Deberes y Derechos de los Pacientes"},"content":{"rendered":"<p><a href=\"https:\/\/ena.cl\/wp-content\/uploads\/2016\/02\/Foto-4-HCVB-Deberes-y-Derechos-Pacientes.jpg\"><img loading=\"lazy\" decoding=\"async\" class=\"alignleft wp-image-1277\" src=\"https:\/\/ena.cl\/wp-content\/uploads\/2016\/02\/Foto-4-HCVB-Deberes-y-Derechos-Pacientes.jpg\" alt=\"Foto 4 HCVB Deberes y Derechos Pacientes\" width=\"436\" height=\"292\" srcset=\"https:\/\/ena.cl\/wp-content\/uploads\/2016\/02\/Foto-4-HCVB-Deberes-y-Derechos-Pacientes.jpg 660w, https:\/\/ena.cl\/wp-content\/uploads\/2016\/02\/Foto-4-HCVB-Deberes-y-Derechos-Pacientes-600x402.jpg 600w, https:\/\/ena.cl\/wp-content\/uploads\/2016\/02\/Foto-4-HCVB-Deberes-y-Derechos-Pacientes-300x200.jpg 300w\" sizes=\"auto, (max-width: 436px) 100vw, 436px\" \/><\/a>Esta capacitaci\u00f3n tuvo como objetivo que sus participantes fortalecieran las competencias necesarias para aplicar las reglas y principios de la Ley 20.584 sobre Deberes y Derechos de las personas en su atenci\u00f3n en salud; garantizando as\u00ed el cumplimiento de la mencionada normativa para entregar a los usuarios un trato digno, cordial y respetuoso.<\/p>\n<p>Para ello, este curso se estructura en cuatro unidades: Reforma al Modelo de Salud Chileno; Derechos y deberes de las personas en su atenci\u00f3n en salud; Instancias y recursos para hacer efectivo el cumplimiento de la Ley 20.584 y 19.966.<\/p>\n<p>Estos contenidos se revisaron adem\u00e1s en modalidad de talleres pr\u00e1cticos, referidos puntualmente a: Ficha cl\u00ednica y resguardo de informaci\u00f3n; Falta de servicio como causal de responsabilidad m\u00e9dico sanitaria y medicina defensiva, y procedimiento de reclamo ante incumplimiento de las leyes revisadas.<\/p>\n<p>La capacitaci\u00f3n se realiz\u00f3 en dos jornadas, con un total de 20 horas pedag\u00f3gicas, los d\u00edas 21 y 22 de diciembre pasados.<\/p>\n<p>&nbsp;<\/p>\n","protected":false},"excerpt":{"rendered":"<p>Esta capacitaci\u00f3n tuvo como objetivo que sus participantes fortalecieran las competencias necesarias para aplicar las reglas y principios de la Ley 20.584 sobre Deberes y Derechos de las personas en su atenci\u00f3n en salud; garantizando as\u00ed el cumplimiento de la mencionada normativa para entregar a los usuarios un trato digno, cordial y respetuoso. Para ello,&hellip;<\/p>\n","protected":false},"author":1,"featured_media":1344,"comment_status":"closed","ping_status":"closed","sticky":false,"template":"","format":"standard","meta":{"footnotes":""},"categories":[2,15],"tags":[],"class_list":["post-1276","post","type-post","status-publish","format-standard","has-post-thumbnail","hentry","category-noticias","category-ultimos-cursos","category-2","category-15","description-off"],"_links":{"self":[{"href":"https:\/\/ena.cl\/index.php?rest_route=\/wp\/v2\/posts\/1276","targetHints":{"allow":["GET"]}}],"collection":[{"href":"https:\/\/ena.cl\/index.php?rest_route=\/wp\/v2\/posts"}],"about":[{"href":"https:\/\/ena.cl\/index.php?rest_route=\/wp\/v2\/types\/post"}],"author":[{"embeddable":true,"href":"https:\/\/ena.cl\/index.php?rest_route=\/wp\/v2\/users\/1"}],"replies":[{"embeddable":true,"href":"https:\/\/ena.cl\/index.php?rest_route=%2Fwp%2Fv2%2Fcomments&post=1276"}],"version-history":[{"count":2,"href":"https:\/\/ena.cl\/index.php?rest_route=\/wp\/v2\/posts\/1276\/revisions"}],"predecessor-version":[{"id":1342,"href":"https:\/\/ena.cl\/index.php?rest_route=\/wp\/v2\/posts\/1276\/revisions\/1342"}],"wp:featuredmedia":[{"embeddable":true,"href":"https:\/\/ena.cl\/index.php?rest_route=\/wp\/v2\/media\/1344"}],"wp:attachment":[{"href":"https:\/\/ena.cl\/index.php?rest_route=%2Fwp%2Fv2%2Fmedia&parent=1276"}],"wp:term":[{"taxonomy":"category","embeddable":true,"href":"https:\/\/ena.cl\/index.php?rest_route=%2Fwp%2Fv2%2Fcategories&post=1276"},{"taxonomy":"post_tag","embeddable":true,"href":"https:\/\/ena.cl\/index.php?rest_route=%2Fwp%2Fv2%2Ftags&post=1276"}],"curies":[{"name":"wp","href":"https:\/\/api.w.org\/{rel}","templated":true}]}}