{"id":1271,"date":"2016-02-04T21:43:13","date_gmt":"2016-02-04T21:43:13","guid":{"rendered":"https:\/\/ena.cl\/?p=1271"},"modified":"2016-02-19T03:54:57","modified_gmt":"2016-02-19T03:54:57","slug":"capacitacion-sobre-acoso-laboral-y-discriminacion-arbitraria-para-la-subsecretaria-de-servicios-sociales","status":"publish","type":"post","link":"https:\/\/ena.cl\/?p=1271","title":{"rendered":"Capacitaci\u00f3n sobre Acoso Laboral y Discriminaci\u00f3n Arbitraria para la Subsecretar\u00eda de Servicios Sociales"},"content":{"rendered":"<p><a href=\"https:\/\/ena.cl\/wp-content\/uploads\/2016\/02\/20151211_104102.jpg\"><img loading=\"lazy\" decoding=\"async\" class=\"alignleft size-medium wp-image-1290\" src=\"https:\/\/ena.cl\/wp-content\/uploads\/2016\/02\/20151211_104102-300x168.jpg\" alt=\"20151211_104102\" width=\"300\" height=\"168\" srcset=\"https:\/\/ena.cl\/wp-content\/uploads\/2016\/02\/20151211_104102-300x168.jpg 300w, https:\/\/ena.cl\/wp-content\/uploads\/2016\/02\/20151211_104102-scaled-600x338.jpg 600w, https:\/\/ena.cl\/wp-content\/uploads\/2016\/02\/20151211_104102-1024x576.jpg 1024w\" sizes=\"auto, (max-width: 300px) 100vw, 300px\" \/><\/a>55 integrantes de los niveles regionales y central de la Subsecretar\u00eda de Servicios Sociales asistieron al curso taller \u201cEl Atentado en contra de la Dignidad Funcionaria: El Acoso Laboral y la Discriminaci\u00f3n Arbitraria\u201d, que dictamos en diciembre pasado.<\/p>\n<p>El objetivo de este curso fue que sus participantes fortalecieran sus competencias para garantizar condiciones de igualdad de trato, identificando tanto los perfiles de v\u00edctimas y acosadores, as\u00ed como tambi\u00e9n las t\u00e9cnicas para clasificar y contener el acoso psicol\u00f3gico laboral.<\/p>\n<p>Para ello, los contenidos revisados se relacionaron tanto con el acoso laboral, como tambi\u00e9n con tem\u00e1ticas relacionadas con administraci\u00f3n de personas, gesti\u00f3n de equipos de talentos, tutela de derechos fundamentales y liderazgo efectivo frente a situaciones de discriminaci\u00f3n arbitraria, entre otros.<\/p>\n<p>Este curso se realiz\u00f3 de manera presencial, integrando teor\u00eda y pr\u00e1ctica, con ejercicios estructurados y dise\u00f1ados para propiciar la participaci\u00f3n de los alumnos y su internalizaci\u00f3n de contenidos y desarrollo de competencias.<\/p>\n<p>&nbsp;<\/p>\n","protected":false},"excerpt":{"rendered":"<p>55 integrantes de los niveles regionales y central de la Subsecretar\u00eda de Servicios Sociales asistieron al curso taller \u201cEl Atentado en contra de la Dignidad Funcionaria: El Acoso Laboral y la Discriminaci\u00f3n Arbitraria\u201d, que dictamos en diciembre pasado. El objetivo de este curso fue que sus participantes fortalecieran sus competencias para garantizar condiciones de igualdad&hellip;<\/p>\n","protected":false},"author":1,"featured_media":1343,"comment_status":"closed","ping_status":"closed","sticky":false,"template":"","format":"standard","meta":{"footnotes":""},"categories":[2,15],"tags":[],"class_list":["post-1271","post","type-post","status-publish","format-standard","has-post-thumbnail","hentry","category-noticias","category-ultimos-cursos","category-2","category-15","description-off"],"_links":{"self":[{"href":"https:\/\/ena.cl\/index.php?rest_route=\/wp\/v2\/posts\/1271","targetHints":{"allow":["GET"]}}],"collection":[{"href":"https:\/\/ena.cl\/index.php?rest_route=\/wp\/v2\/posts"}],"about":[{"href":"https:\/\/ena.cl\/index.php?rest_route=\/wp\/v2\/types\/post"}],"author":[{"embeddable":true,"href":"https:\/\/ena.cl\/index.php?rest_route=\/wp\/v2\/users\/1"}],"replies":[{"embeddable":true,"href":"https:\/\/ena.cl\/index.php?rest_route=%2Fwp%2Fv2%2Fcomments&post=1271"}],"version-history":[{"count":3,"href":"https:\/\/ena.cl\/index.php?rest_route=\/wp\/v2\/posts\/1271\/revisions"}],"predecessor-version":[{"id":1291,"href":"https:\/\/ena.cl\/index.php?rest_route=\/wp\/v2\/posts\/1271\/revisions\/1291"}],"wp:featuredmedia":[{"embeddable":true,"href":"https:\/\/ena.cl\/index.php?rest_route=\/wp\/v2\/media\/1343"}],"wp:attachment":[{"href":"https:\/\/ena.cl\/index.php?rest_route=%2Fwp%2Fv2%2Fmedia&parent=1271"}],"wp:term":[{"taxonomy":"category","embeddable":true,"href":"https:\/\/ena.cl\/index.php?rest_route=%2Fwp%2Fv2%2Fcategories&post=1271"},{"taxonomy":"post_tag","embeddable":true,"href":"https:\/\/ena.cl\/index.php?rest_route=%2Fwp%2Fv2%2Ftags&post=1271"}],"curies":[{"name":"wp","href":"https:\/\/api.w.org\/{rel}","templated":true}]}}