{"id":1251,"date":"2016-01-11T13:28:46","date_gmt":"2016-01-11T13:28:46","guid":{"rendered":"https:\/\/ena.cl\/?p=1251"},"modified":"2016-02-19T04:53:48","modified_gmt":"2016-02-19T04:53:48","slug":"en-estatuto-administrativo-se-perfecciona-servicio-de-salud-metropolitano-occidente","status":"publish","type":"post","link":"https:\/\/ena.cl\/?p=1251","title":{"rendered":"En Estatuto Administrativo se perfecciona Servicio de Salud Metropolitano Occidente"},"content":{"rendered":"<p><a href=\"https:\/\/ena.cl\/wp-content\/uploads\/2016\/01\/Foto-6-SSMO-google-La-Nacion1.jpg\"><img loading=\"lazy\" decoding=\"async\" class=\"alignleft wp-image-1255\" src=\"https:\/\/ena.cl\/wp-content\/uploads\/2016\/01\/Foto-6-SSMO-google-La-Nacion1.jpg\" alt=\"Foto 6 SSMO google La Nacion\" width=\"302\" height=\"205\" srcset=\"https:\/\/ena.cl\/wp-content\/uploads\/2016\/01\/Foto-6-SSMO-google-La-Nacion1.jpg 600w, https:\/\/ena.cl\/wp-content\/uploads\/2016\/01\/Foto-6-SSMO-google-La-Nacion1-300x204.jpg 300w\" sizes=\"auto, (max-width: 302px) 100vw, 302px\" \/><\/a>El actual desempe\u00f1o de la funci\u00f3n p\u00fablica civil de la salud exige que los empleados p\u00fablicos -as\u00ed como quienes no lo son, pero trabajan al servicio del Estado como sucede con los contratados a honorarios- den estricto cumplimiento, tanto a la conducta \u00e9tica exigible, como a su funci\u00f3n de servidores.<\/p>\n<p>Este antecedente es parte de la fundamentaci\u00f3n del curso que dictamos sobre Estatuto Administrativo, a numerosas reparticiones p\u00fablicas de todo nuestro pa\u00eds, siendo una de ellas, el Servicio de Salud Metropolitano Occidente.<\/p>\n<p>El curso tuvo como objetivo que sus participantes fortalecieran sus competencias para aplicar, tanto el Estatuto Administrativo y dem\u00e1s normas complementarias, como sus reglamentos, con especial atenci\u00f3n a las disposiciones que en materia de personal, ha incorporado la Ley de Autoridad Sanitaria.<\/p>\n<p>Fueron 23 integrantes de esta organizaci\u00f3n los que participaron del curso dictado los d\u00edas 02 y 03 de diciembre pasado, con una duraci\u00f3n total de 21 horas pedag\u00f3gicas.<\/p>\n","protected":false},"excerpt":{"rendered":"<p>El actual desempe\u00f1o de la funci\u00f3n p\u00fablica civil de la salud exige que los empleados p\u00fablicos -as\u00ed como quienes no lo son, pero trabajan al servicio del Estado como sucede con los contratados a honorarios- den estricto cumplimiento, tanto a la conducta \u00e9tica exigible, como a su funci\u00f3n de servidores. Este antecedente es parte de&hellip;<\/p>\n","protected":false},"author":1,"featured_media":1347,"comment_status":"closed","ping_status":"closed","sticky":false,"template":"","format":"standard","meta":{"footnotes":""},"categories":[2,15],"tags":[],"class_list":["post-1251","post","type-post","status-publish","format-standard","has-post-thumbnail","hentry","category-noticias","category-ultimos-cursos","category-2","category-15","description-off"],"_links":{"self":[{"href":"https:\/\/ena.cl\/index.php?rest_route=\/wp\/v2\/posts\/1251","targetHints":{"allow":["GET"]}}],"collection":[{"href":"https:\/\/ena.cl\/index.php?rest_route=\/wp\/v2\/posts"}],"about":[{"href":"https:\/\/ena.cl\/index.php?rest_route=\/wp\/v2\/types\/post"}],"author":[{"embeddable":true,"href":"https:\/\/ena.cl\/index.php?rest_route=\/wp\/v2\/users\/1"}],"replies":[{"embeddable":true,"href":"https:\/\/ena.cl\/index.php?rest_route=%2Fwp%2Fv2%2Fcomments&post=1251"}],"version-history":[{"count":3,"href":"https:\/\/ena.cl\/index.php?rest_route=\/wp\/v2\/posts\/1251\/revisions"}],"predecessor-version":[{"id":1256,"href":"https:\/\/ena.cl\/index.php?rest_route=\/wp\/v2\/posts\/1251\/revisions\/1256"}],"wp:featuredmedia":[{"embeddable":true,"href":"https:\/\/ena.cl\/index.php?rest_route=\/wp\/v2\/media\/1347"}],"wp:attachment":[{"href":"https:\/\/ena.cl\/index.php?rest_route=%2Fwp%2Fv2%2Fmedia&parent=1251"}],"wp:term":[{"taxonomy":"category","embeddable":true,"href":"https:\/\/ena.cl\/index.php?rest_route=%2Fwp%2Fv2%2Fcategories&post=1251"},{"taxonomy":"post_tag","embeddable":true,"href":"https:\/\/ena.cl\/index.php?rest_route=%2Fwp%2Fv2%2Ftags&post=1251"}],"curies":[{"name":"wp","href":"https:\/\/api.w.org\/{rel}","templated":true}]}}