{"id":1247,"date":"2016-01-13T13:20:31","date_gmt":"2016-01-13T13:20:31","guid":{"rendered":"https:\/\/ena.cl\/?p=1247"},"modified":"2016-02-19T03:59:47","modified_gmt":"2016-02-19T03:59:47","slug":"integrantes-del-sag-se-capacitan-en-actos-y-procedimientos-administrativos","status":"publish","type":"post","link":"https:\/\/ena.cl\/?p=1247","title":{"rendered":"Integrantes del SAG se capacitan en actos y procedimientos administrativos"},"content":{"rendered":"<p><a href=\"https:\/\/ena.cl\/wp-content\/uploads\/2016\/01\/Foto-5-SAG-acto-administrativo1.jpg\"><img loading=\"lazy\" decoding=\"async\" class=\"alignleft wp-image-1249\" src=\"https:\/\/ena.cl\/wp-content\/uploads\/2016\/01\/Foto-5-SAG-acto-administrativo1.jpg\" alt=\"Foto 5 SAG acto administrativo\" width=\"410\" height=\"279\" srcset=\"https:\/\/ena.cl\/wp-content\/uploads\/2016\/01\/Foto-5-SAG-acto-administrativo1.jpg 600w, https:\/\/ena.cl\/wp-content\/uploads\/2016\/01\/Foto-5-SAG-acto-administrativo1-300x204.jpg 300w\" sizes=\"auto, (max-width: 410px) 100vw, 410px\" \/><\/a>\u201cGesti\u00f3n de procesos: actos y procedimientos administrativos\u201d se denomin\u00f3 la capacitaci\u00f3n dictada los d\u00edas 30 de noviembre y 01 de diciembre, a integrantes de la Divisi\u00f3n de Recursos Naturales Renovables del Servicio Agr\u00edcola y Ganadero SAG.<\/p>\n<p>El curso tuvo como objetivo entregar una visi\u00f3n general de la gesti\u00f3n de procesos, con la finalidad de hacer posible la comprensi\u00f3n del modo en que est\u00e1n configurados, seg\u00fan los lineamientos institucionales de la organizaci\u00f3n.<\/p>\n<p>Los contenidos se estructuraron en las siguientes unidades: el acto administrativo; el procedimiento administrativo; formas de aplicaci\u00f3n y el inspector fiscal como agente p\u00fablico.<\/p>\n<p>Este programa fue presencial y tuvo una duraci\u00f3n de 16 horas, en las cuales se complement\u00f3 la exposici\u00f3n de los contenidos con ejercicios dise\u00f1ados para propiciar la participaci\u00f3n de los estudiantes y el fortalecimiento de sus competencias.<\/p>\n","protected":false},"excerpt":{"rendered":"<p>\u201cGesti\u00f3n de procesos: actos y procedimientos administrativos\u201d se denomin\u00f3 la capacitaci\u00f3n dictada los d\u00edas 30 de noviembre y 01 de diciembre, a integrantes de la Divisi\u00f3n de Recursos Naturales Renovables del Servicio Agr\u00edcola y Ganadero SAG. El curso tuvo como objetivo entregar una visi\u00f3n general de la gesti\u00f3n de procesos, con la finalidad de hacer&hellip;<\/p>\n","protected":false},"author":1,"featured_media":1346,"comment_status":"closed","ping_status":"closed","sticky":false,"template":"","format":"standard","meta":{"footnotes":""},"categories":[2,15],"tags":[],"class_list":["post-1247","post","type-post","status-publish","format-standard","has-post-thumbnail","hentry","category-noticias","category-ultimos-cursos","category-2","category-15","description-off"],"_links":{"self":[{"href":"https:\/\/ena.cl\/index.php?rest_route=\/wp\/v2\/posts\/1247","targetHints":{"allow":["GET"]}}],"collection":[{"href":"https:\/\/ena.cl\/index.php?rest_route=\/wp\/v2\/posts"}],"about":[{"href":"https:\/\/ena.cl\/index.php?rest_route=\/wp\/v2\/types\/post"}],"author":[{"embeddable":true,"href":"https:\/\/ena.cl\/index.php?rest_route=\/wp\/v2\/users\/1"}],"replies":[{"embeddable":true,"href":"https:\/\/ena.cl\/index.php?rest_route=%2Fwp%2Fv2%2Fcomments&post=1247"}],"version-history":[{"count":1,"href":"https:\/\/ena.cl\/index.php?rest_route=\/wp\/v2\/posts\/1247\/revisions"}],"predecessor-version":[{"id":1250,"href":"https:\/\/ena.cl\/index.php?rest_route=\/wp\/v2\/posts\/1247\/revisions\/1250"}],"wp:featuredmedia":[{"embeddable":true,"href":"https:\/\/ena.cl\/index.php?rest_route=\/wp\/v2\/media\/1346"}],"wp:attachment":[{"href":"https:\/\/ena.cl\/index.php?rest_route=%2Fwp%2Fv2%2Fmedia&parent=1247"}],"wp:term":[{"taxonomy":"category","embeddable":true,"href":"https:\/\/ena.cl\/index.php?rest_route=%2Fwp%2Fv2%2Fcategories&post=1247"},{"taxonomy":"post_tag","embeddable":true,"href":"https:\/\/ena.cl\/index.php?rest_route=%2Fwp%2Fv2%2Ftags&post=1247"}],"curies":[{"name":"wp","href":"https:\/\/api.w.org\/{rel}","templated":true}]}}