{"id":1232,"date":"2016-01-13T12:46:28","date_gmt":"2016-01-13T12:46:28","guid":{"rendered":"https:\/\/ena.cl\/?p=1232"},"modified":"2016-01-13T13:14:44","modified_gmt":"2016-01-13T13:14:44","slug":"integrantes-del-hospital-sotero-del-rio-aprenden-sobre-ausentismo-laboral","status":"publish","type":"post","link":"https:\/\/ena.cl\/?p=1232","title":{"rendered":"Integrantes del Hospital S\u00f3tero del R\u00edo aprenden sobre Ausentismo Laboral"},"content":{"rendered":"<p><a href=\"https:\/\/ena.cl\/wp-content\/uploads\/2016\/01\/Foto-1-Sotero-del-Rio-Ausentismo-Laboral1.jpg\"><img loading=\"lazy\" decoding=\"async\" class=\"alignleft  wp-image-1234\" src=\"https:\/\/ena.cl\/wp-content\/uploads\/2016\/01\/Foto-1-Sotero-del-Rio-Ausentismo-Laboral1.jpg\" alt=\"Foto 1 Sotero del Rio Ausentismo Laboral\" width=\"454\" height=\"309\" srcset=\"https:\/\/ena.cl\/wp-content\/uploads\/2016\/01\/Foto-1-Sotero-del-Rio-Ausentismo-Laboral1.jpg 600w, https:\/\/ena.cl\/wp-content\/uploads\/2016\/01\/Foto-1-Sotero-del-Rio-Ausentismo-Laboral1-300x204.jpg 300w\" sizes=\"auto, (max-width: 454px) 100vw, 454px\" \/><\/a>20 horas pedag\u00f3gicas tuvo como duraci\u00f3n el curso \u201cAusentismo Laboral: Gesti\u00f3n y An\u00e1lisis en el Sector P\u00fablico\u201d dictado a funcionarios y funcionarias del Hospital S\u00f3tero del R\u00edo de Santiago.<\/p>\n<p>Esta capacitaci\u00f3n tuvo como objetivo que sus participantes conocieran y aplicaran las herramientas de gesti\u00f3n y an\u00e1lisis del ausentismo laboral, con el fin de fortalecer las competencias de los Comit\u00e9s de Ausentismo existentes en este complejo asistencial.<\/p>\n<p>Para ello los contenidos revisados incluyeron caracter\u00edsticas y reglamentos de las licencias m\u00e9dicas, sistemas de salud p\u00fablico y privado, ausentismo laboral y gesti\u00f3n de \u00e9ste en torno a definici\u00f3n de metas, y estudio de casos pr\u00e1cticos relativos a este tema.<\/p>\n<p>El curso fue presencial y cont\u00f3 con metodolog\u00eda con enfoque de adultos, en que se releva la importancia de la experiencia laboral de sus participantes, con la finalidad de facilitar su aplicaci\u00f3n en el contexto laboral.<\/p>\n","protected":false},"excerpt":{"rendered":"<p>20 horas pedag\u00f3gicas tuvo como duraci\u00f3n el curso \u201cAusentismo Laboral: Gesti\u00f3n y An\u00e1lisis en el Sector P\u00fablico\u201d dictado a funcionarios y funcionarias del Hospital S\u00f3tero del R\u00edo de Santiago. Esta capacitaci\u00f3n tuvo como objetivo que sus participantes conocieran y aplicaran las herramientas de gesti\u00f3n y an\u00e1lisis del ausentismo laboral, con el fin de fortalecer las&hellip;<\/p>\n","protected":false},"author":1,"featured_media":1234,"comment_status":"closed","ping_status":"closed","sticky":false,"template":"","format":"standard","meta":{"footnotes":""},"categories":[2,15],"tags":[],"class_list":["post-1232","post","type-post","status-publish","format-standard","has-post-thumbnail","hentry","category-noticias","category-ultimos-cursos","category-2","category-15","description-off"],"_links":{"self":[{"href":"https:\/\/ena.cl\/index.php?rest_route=\/wp\/v2\/posts\/1232","targetHints":{"allow":["GET"]}}],"collection":[{"href":"https:\/\/ena.cl\/index.php?rest_route=\/wp\/v2\/posts"}],"about":[{"href":"https:\/\/ena.cl\/index.php?rest_route=\/wp\/v2\/types\/post"}],"author":[{"embeddable":true,"href":"https:\/\/ena.cl\/index.php?rest_route=\/wp\/v2\/users\/1"}],"replies":[{"embeddable":true,"href":"https:\/\/ena.cl\/index.php?rest_route=%2Fwp%2Fv2%2Fcomments&post=1232"}],"version-history":[{"count":3,"href":"https:\/\/ena.cl\/index.php?rest_route=\/wp\/v2\/posts\/1232\/revisions"}],"predecessor-version":[{"id":1237,"href":"https:\/\/ena.cl\/index.php?rest_route=\/wp\/v2\/posts\/1232\/revisions\/1237"}],"wp:featuredmedia":[{"embeddable":true,"href":"https:\/\/ena.cl\/index.php?rest_route=\/wp\/v2\/media\/1234"}],"wp:attachment":[{"href":"https:\/\/ena.cl\/index.php?rest_route=%2Fwp%2Fv2%2Fmedia&parent=1232"}],"wp:term":[{"taxonomy":"category","embeddable":true,"href":"https:\/\/ena.cl\/index.php?rest_route=%2Fwp%2Fv2%2Fcategories&post=1232"},{"taxonomy":"post_tag","embeddable":true,"href":"https:\/\/ena.cl\/index.php?rest_route=%2Fwp%2Fv2%2Ftags&post=1232"}],"curies":[{"name":"wp","href":"https:\/\/api.w.org\/{rel}","templated":true}]}}