{"id":1203,"date":"2015-12-15T00:00:25","date_gmt":"2015-12-15T00:00:25","guid":{"rendered":"https:\/\/ena.cl\/?p=1203"},"modified":"2015-12-21T18:55:15","modified_gmt":"2015-12-21T18:55:15","slug":"hospital-de-chillan-se-capacita-en-estatuto-administrativo","status":"publish","type":"post","link":"https:\/\/ena.cl\/?p=1203","title":{"rendered":"Hospital de Chill\u00e1n se capacita en Estatuto Administrativo"},"content":{"rendered":"<p><a href=\"https:\/\/ena.cl\/wp-content\/uploads\/2015\/12\/IMG_6480.png\"><img loading=\"lazy\" decoding=\"async\" class=\"alignleft size-medium wp-image-1218\" src=\"https:\/\/ena.cl\/wp-content\/uploads\/2015\/12\/IMG_6480-300x186.png\" alt=\"IMG_6480\" width=\"300\" height=\"186\" srcset=\"https:\/\/ena.cl\/wp-content\/uploads\/2015\/12\/IMG_6480-300x186.png 300w, https:\/\/ena.cl\/wp-content\/uploads\/2015\/12\/IMG_6480-600x373.png 600w, https:\/\/ena.cl\/wp-content\/uploads\/2015\/12\/IMG_6480.png 773w\" sizes=\"auto, (max-width: 300px) 100vw, 300px\" \/><\/a>Este curso se orient\u00f3 a que sus participantes, provenientes del Hospital Cl\u00ednico Herminda Martin de Chill\u00e1n, fortalecieran sus competencias para interpretar y aplicar tanto el Estatuto Administrativo y dem\u00e1s normas complementarias, como sus reglamentos.<\/p>\n<p>Para ello, se estructur\u00f3 en seis unidades de estudio, las que se distribuyeron conforme al orden de los T\u00edtulos del Estatuto Administrativo: Reforma al Modelo de Salud Chileno; Estatuto Administrativo, Nuevo Trato Laboral y normas especiales incorporadas por la Ley de Autoridad Sanitaria; Estatuto de los Profesionales Funcionarios; Remuneraciones del personal de la salud; Probidad Administrativa y Responsabilidad Funcionaria y Proceso Administrativo.<\/p>\n<p>En esta capacitaci\u00f3n participaron 32 funcionarios\/as del hospital y se realiz\u00f3 entre los d\u00edas 20, 23 y 24 de noviembre pasado. Tuvo una duraci\u00f3n de 36 horas pedag\u00f3gicas.<\/p>\n<p>La metodolog\u00eda utilizada incluy\u00f3 clases expositivas y en modalidad de taller en el que se revisan y discuten algunos casos que permiten aplicar los contenidos revisados en clases.<\/p>\n","protected":false},"excerpt":{"rendered":"<p>Este curso se orient\u00f3 a que sus participantes, provenientes del Hospital Cl\u00ednico Herminda Martin de Chill\u00e1n, fortalecieran sus competencias para interpretar y aplicar tanto el Estatuto Administrativo y dem\u00e1s normas complementarias, como sus reglamentos. Para ello, se estructur\u00f3 en seis unidades de estudio, las que se distribuyeron conforme al orden de los T\u00edtulos del Estatuto&hellip;<\/p>\n","protected":false},"author":3,"featured_media":1218,"comment_status":"closed","ping_status":"closed","sticky":false,"template":"","format":"standard","meta":{"footnotes":""},"categories":[2,15],"tags":[],"class_list":["post-1203","post","type-post","status-publish","format-standard","has-post-thumbnail","hentry","category-noticias","category-ultimos-cursos","category-2","category-15","description-off"],"_links":{"self":[{"href":"https:\/\/ena.cl\/index.php?rest_route=\/wp\/v2\/posts\/1203","targetHints":{"allow":["GET"]}}],"collection":[{"href":"https:\/\/ena.cl\/index.php?rest_route=\/wp\/v2\/posts"}],"about":[{"href":"https:\/\/ena.cl\/index.php?rest_route=\/wp\/v2\/types\/post"}],"author":[{"embeddable":true,"href":"https:\/\/ena.cl\/index.php?rest_route=\/wp\/v2\/users\/3"}],"replies":[{"embeddable":true,"href":"https:\/\/ena.cl\/index.php?rest_route=%2Fwp%2Fv2%2Fcomments&post=1203"}],"version-history":[{"count":4,"href":"https:\/\/ena.cl\/index.php?rest_route=\/wp\/v2\/posts\/1203\/revisions"}],"predecessor-version":[{"id":1219,"href":"https:\/\/ena.cl\/index.php?rest_route=\/wp\/v2\/posts\/1203\/revisions\/1219"}],"wp:featuredmedia":[{"embeddable":true,"href":"https:\/\/ena.cl\/index.php?rest_route=\/wp\/v2\/media\/1218"}],"wp:attachment":[{"href":"https:\/\/ena.cl\/index.php?rest_route=%2Fwp%2Fv2%2Fmedia&parent=1203"}],"wp:term":[{"taxonomy":"category","embeddable":true,"href":"https:\/\/ena.cl\/index.php?rest_route=%2Fwp%2Fv2%2Fcategories&post=1203"},{"taxonomy":"post_tag","embeddable":true,"href":"https:\/\/ena.cl\/index.php?rest_route=%2Fwp%2Fv2%2Ftags&post=1203"}],"curies":[{"name":"wp","href":"https:\/\/api.w.org\/{rel}","templated":true}]}}