{"id":1197,"date":"2015-12-15T00:00:53","date_gmt":"2015-12-15T00:00:53","guid":{"rendered":"https:\/\/ena.cl\/?p=1197"},"modified":"2015-12-21T18:47:35","modified_gmt":"2015-12-21T18:47:35","slug":"capacitacion-sobre-legislacion-laboral-realizaron-integrantes-del-hospital-el-salvador","status":"publish","type":"post","link":"https:\/\/ena.cl\/?p=1197","title":{"rendered":"Capacitaci\u00f3n sobre Legislaci\u00f3n Laboral realizaron integrantes del Hospital El Salvador"},"content":{"rendered":"<p><a href=\"https:\/\/ena.cl\/wp-content\/uploads\/2015\/12\/Foto4ElSalvador.jpg\"><img loading=\"lazy\" decoding=\"async\" class=\"alignleft size-medium wp-image-1198\" src=\"https:\/\/ena.cl\/wp-content\/uploads\/2015\/12\/Foto4ElSalvador-300x204.jpg\" alt=\"Foto4ElSalvador\" width=\"300\" height=\"204\" srcset=\"https:\/\/ena.cl\/wp-content\/uploads\/2015\/12\/Foto4ElSalvador-300x204.jpg 300w, https:\/\/ena.cl\/wp-content\/uploads\/2015\/12\/Foto4ElSalvador.jpg 600w\" sizes=\"auto, (max-width: 300px) 100vw, 300px\" \/><\/a>Este curso tiene como objetivo que sus estudiantes adquieran las competencias para interpretar y aplicar, tanto el Estatuto Administrativo y sus normas legales complementarias, como sus reglamentos. Esto, con especial atenci\u00f3n a las disposiciones que en materia de personal ha incorporado la Ley de Autoridad Sanitaria y la Ley de Derechos y Deberes de los Pacientes.<\/p>\n<p>Para ello esta capacitaci\u00f3n se estructur\u00f3 en siete partes: La Reforma al Modelo de Salud Chileno; Estatuto Administrativo y los procesos administrativos propios de recursos humanos del Hospital del Salvador; Estatuto de los profesionales funcionarios; Leyes 19.264 y 19.490 que establecen beneficios remuneratorios al personal de la salud; Probidad Administrativa; Ley 19.880 sobre Bases de los Procedimientos Administrativos o \u201cdel Silencio Administrativo\u201d y la Ley de Transparencia Administrativa.<\/p>\n<p>El curso se realiz\u00f3 en modalidad presencial, con clases en las que se integran tanto la teor\u00eda como la pr\u00e1ctica, siempre relevando los conocimientos y experiencia de los participantes como sustento de su aprendizaje.<\/p>\n<p>A este programa acad\u00e9mico asistieron 28 alumnos y se dict\u00f3 los d\u00edas 12 y 13 de noviembre pasados, con un total de 20 horas cronol\u00f3gicas.<\/p>\n","protected":false},"excerpt":{"rendered":"<p>Este curso tiene como objetivo que sus estudiantes adquieran las competencias para interpretar y aplicar, tanto el Estatuto Administrativo y sus normas legales complementarias, como sus reglamentos. Esto, con especial atenci\u00f3n a las disposiciones que en materia de personal ha incorporado la Ley de Autoridad Sanitaria y la Ley de Derechos y Deberes de los&hellip;<\/p>\n","protected":false},"author":3,"featured_media":1198,"comment_status":"closed","ping_status":"closed","sticky":false,"template":"","format":"standard","meta":{"footnotes":""},"categories":[2,15],"tags":[],"class_list":["post-1197","post","type-post","status-publish","format-standard","has-post-thumbnail","hentry","category-noticias","category-ultimos-cursos","category-2","category-15","description-off"],"_links":{"self":[{"href":"https:\/\/ena.cl\/index.php?rest_route=\/wp\/v2\/posts\/1197","targetHints":{"allow":["GET"]}}],"collection":[{"href":"https:\/\/ena.cl\/index.php?rest_route=\/wp\/v2\/posts"}],"about":[{"href":"https:\/\/ena.cl\/index.php?rest_route=\/wp\/v2\/types\/post"}],"author":[{"embeddable":true,"href":"https:\/\/ena.cl\/index.php?rest_route=\/wp\/v2\/users\/3"}],"replies":[{"embeddable":true,"href":"https:\/\/ena.cl\/index.php?rest_route=%2Fwp%2Fv2%2Fcomments&post=1197"}],"version-history":[{"count":1,"href":"https:\/\/ena.cl\/index.php?rest_route=\/wp\/v2\/posts\/1197\/revisions"}],"predecessor-version":[{"id":1199,"href":"https:\/\/ena.cl\/index.php?rest_route=\/wp\/v2\/posts\/1197\/revisions\/1199"}],"wp:featuredmedia":[{"embeddable":true,"href":"https:\/\/ena.cl\/index.php?rest_route=\/wp\/v2\/media\/1198"}],"wp:attachment":[{"href":"https:\/\/ena.cl\/index.php?rest_route=%2Fwp%2Fv2%2Fmedia&parent=1197"}],"wp:term":[{"taxonomy":"category","embeddable":true,"href":"https:\/\/ena.cl\/index.php?rest_route=%2Fwp%2Fv2%2Fcategories&post=1197"},{"taxonomy":"post_tag","embeddable":true,"href":"https:\/\/ena.cl\/index.php?rest_route=%2Fwp%2Fv2%2Ftags&post=1197"}],"curies":[{"name":"wp","href":"https:\/\/api.w.org\/{rel}","templated":true}]}}