{"id":1191,"date":"2015-12-15T00:00:11","date_gmt":"2015-12-15T00:00:11","guid":{"rendered":"https:\/\/ena.cl\/?p=1191"},"modified":"2015-12-21T18:47:52","modified_gmt":"2015-12-21T18:47:52","slug":"dictamos-curso-sobre-probidad-y-transparencia-a-ministerio-del-interior","status":"publish","type":"post","link":"https:\/\/ena.cl\/?p=1191","title":{"rendered":"Dictamos curso sobre Probidad y Transparencia a Ministerio del Interior"},"content":{"rendered":"<p><a href=\"https:\/\/ena.cl\/wp-content\/uploads\/2015\/12\/2-ministerio-interior.jpg\"><img loading=\"lazy\" decoding=\"async\" class=\"alignleft size-medium wp-image-1192\" src=\"https:\/\/ena.cl\/wp-content\/uploads\/2015\/12\/2-ministerio-interior-300x204.jpg\" alt=\"2-ministerio-interior\" width=\"300\" height=\"204\" srcset=\"https:\/\/ena.cl\/wp-content\/uploads\/2015\/12\/2-ministerio-interior-300x204.jpg 300w, https:\/\/ena.cl\/wp-content\/uploads\/2015\/12\/2-ministerio-interior.jpg 600w\" sizes=\"auto, (max-width: 300px) 100vw, 300px\" \/><\/a>El actual desempe\u00f1o de la funci\u00f3n p\u00fablica civil exige que los funcionarios\/as p\u00fablicos -as\u00ed como tambi\u00e9n quienes no lo son, pero trabajan al servicio del Estado como es el caso de los contratados a honorarios-, den estricto cumplimiento al principio de la probidad, transparencia y responsabilidad administrativa.<\/p>\n<p>Es por ello que este curso que preparamos en Ena resulta fundamental para conocer estas exigencias presentes en el servicio p\u00fablico.<\/p>\n<p>Del 09 al 12 de noviembre reci\u00e9n pasado, 16 integrantes del Ministerio del Interior participaron de esta capacitaci\u00f3n, cuyo objetivo principal es que sus participantes adquieran las competencias para interpretar y aplicar fielmente las normas generales propias del principio de probidad, transparencia y responsabilidad administrativa.<\/p>\n<p>El curso tuvo una duraci\u00f3n de 21 horas pedag\u00f3gicas, las que se realizaron de manera presencial, complementando pr\u00e1ctica y contenido, con un enfoque en formaci\u00f3n de adultos basado en la experiencia laboral.<\/p>\n","protected":false},"excerpt":{"rendered":"<p>El actual desempe\u00f1o de la funci\u00f3n p\u00fablica civil exige que los funcionarios\/as p\u00fablicos -as\u00ed como tambi\u00e9n quienes no lo son, pero trabajan al servicio del Estado como es el caso de los contratados a honorarios-, den estricto cumplimiento al principio de la probidad, transparencia y responsabilidad administrativa. Es por ello que este curso que preparamos&hellip;<\/p>\n","protected":false},"author":3,"featured_media":1192,"comment_status":"closed","ping_status":"closed","sticky":false,"template":"","format":"standard","meta":{"footnotes":""},"categories":[2,15],"tags":[],"class_list":["post-1191","post","type-post","status-publish","format-standard","has-post-thumbnail","hentry","category-noticias","category-ultimos-cursos","category-2","category-15","description-off"],"_links":{"self":[{"href":"https:\/\/ena.cl\/index.php?rest_route=\/wp\/v2\/posts\/1191","targetHints":{"allow":["GET"]}}],"collection":[{"href":"https:\/\/ena.cl\/index.php?rest_route=\/wp\/v2\/posts"}],"about":[{"href":"https:\/\/ena.cl\/index.php?rest_route=\/wp\/v2\/types\/post"}],"author":[{"embeddable":true,"href":"https:\/\/ena.cl\/index.php?rest_route=\/wp\/v2\/users\/3"}],"replies":[{"embeddable":true,"href":"https:\/\/ena.cl\/index.php?rest_route=%2Fwp%2Fv2%2Fcomments&post=1191"}],"version-history":[{"count":1,"href":"https:\/\/ena.cl\/index.php?rest_route=\/wp\/v2\/posts\/1191\/revisions"}],"predecessor-version":[{"id":1193,"href":"https:\/\/ena.cl\/index.php?rest_route=\/wp\/v2\/posts\/1191\/revisions\/1193"}],"wp:featuredmedia":[{"embeddable":true,"href":"https:\/\/ena.cl\/index.php?rest_route=\/wp\/v2\/media\/1192"}],"wp:attachment":[{"href":"https:\/\/ena.cl\/index.php?rest_route=%2Fwp%2Fv2%2Fmedia&parent=1191"}],"wp:term":[{"taxonomy":"category","embeddable":true,"href":"https:\/\/ena.cl\/index.php?rest_route=%2Fwp%2Fv2%2Fcategories&post=1191"},{"taxonomy":"post_tag","embeddable":true,"href":"https:\/\/ena.cl\/index.php?rest_route=%2Fwp%2Fv2%2Ftags&post=1191"}],"curies":[{"name":"wp","href":"https:\/\/api.w.org\/{rel}","templated":true}]}}