{"id":1187,"date":"2015-12-15T00:00:50","date_gmt":"2015-12-15T00:00:50","guid":{"rendered":"https:\/\/ena.cl\/?p=1187"},"modified":"2015-12-21T18:57:49","modified_gmt":"2015-12-21T18:57:49","slug":"hospital-san-borja-se-capacita-en-liderazgo-y-buenas-practicas","status":"publish","type":"post","link":"https:\/\/ena.cl\/?p=1187","title":{"rendered":"Hospital San Borja se capacita en Liderazgo y Buenas Pr\u00e1cticas"},"content":{"rendered":"<p><a href=\"https:\/\/ena.cl\/wp-content\/uploads\/2015\/12\/Foto1SanBorja1.jpg\"><img loading=\"lazy\" decoding=\"async\" class=\"alignleft size-medium wp-image-1189\" src=\"https:\/\/ena.cl\/wp-content\/uploads\/2015\/12\/Foto1SanBorja1-300x204.jpg\" alt=\"Foto1SanBorja\" width=\"300\" height=\"204\" srcset=\"https:\/\/ena.cl\/wp-content\/uploads\/2015\/12\/Foto1SanBorja1-300x204.jpg 300w, https:\/\/ena.cl\/wp-content\/uploads\/2015\/12\/Foto1SanBorja1.jpg 600w\" sizes=\"auto, (max-width: 300px) 100vw, 300px\" \/><\/a>Fortalecer las competencias de liderazgo en gestores de buenas pr\u00e1cticas laborales, jefes y coordinadores de unidad del Hospital San Borja Arriar\u00e1n fue el objetivo de este taller dictado los d\u00edas 09, 11, 16 y 18 de noviembre pasados.<\/p>\n<p>Fueron 28 funcionarios\/as los que participaron de esta instancia facilitada por tres docentes ENA: Ximena Peralta, psic\u00f3loga laboral y organizacional; Mauricio Mu\u00f1oz, ingeniero comercial y licenciado en Ciencias de la Administraci\u00f3n de Empresas y Ximena Ram\u00edrez, psic\u00f3loga con especializaci\u00f3n en gesti\u00f3n de recursos humanos.<\/p>\n<p>En este contexto, se revisaron temas referidos a l\u00edderes, jefes y coach; caracter\u00edsticas del liderazgo actual; modelo de liderazgo relacional; delegaci\u00f3n y poder; servicio al cliente interno e innovaci\u00f3n y creatividad, entre otros.<\/p>\n<p>Este curso tuvo una duraci\u00f3n de 21 horas pedag\u00f3gicas con sesiones presenciales, estructuradas en clases en las que se integran tanto la teor\u00eda como la pr\u00e1ctica, siempre relevando los conocimientos y experiencia de los participantes como sustento de su aprendizaje.<\/p>\n","protected":false},"excerpt":{"rendered":"<p>Fortalecer las competencias de liderazgo en gestores de buenas pr\u00e1cticas laborales, jefes y coordinadores de unidad del Hospital San Borja Arriar\u00e1n fue el objetivo de este taller dictado los d\u00edas 09, 11, 16 y 18 de noviembre pasados. Fueron 28 funcionarios\/as los que participaron de esta instancia facilitada por tres docentes ENA: Ximena Peralta, psic\u00f3loga&hellip;<\/p>\n","protected":false},"author":3,"featured_media":1188,"comment_status":"closed","ping_status":"closed","sticky":false,"template":"","format":"standard","meta":{"footnotes":""},"categories":[2,15],"tags":[],"class_list":["post-1187","post","type-post","status-publish","format-standard","has-post-thumbnail","hentry","category-noticias","category-ultimos-cursos","category-2","category-15","description-off"],"_links":{"self":[{"href":"https:\/\/ena.cl\/index.php?rest_route=\/wp\/v2\/posts\/1187","targetHints":{"allow":["GET"]}}],"collection":[{"href":"https:\/\/ena.cl\/index.php?rest_route=\/wp\/v2\/posts"}],"about":[{"href":"https:\/\/ena.cl\/index.php?rest_route=\/wp\/v2\/types\/post"}],"author":[{"embeddable":true,"href":"https:\/\/ena.cl\/index.php?rest_route=\/wp\/v2\/users\/3"}],"replies":[{"embeddable":true,"href":"https:\/\/ena.cl\/index.php?rest_route=%2Fwp%2Fv2%2Fcomments&post=1187"}],"version-history":[{"count":1,"href":"https:\/\/ena.cl\/index.php?rest_route=\/wp\/v2\/posts\/1187\/revisions"}],"predecessor-version":[{"id":1190,"href":"https:\/\/ena.cl\/index.php?rest_route=\/wp\/v2\/posts\/1187\/revisions\/1190"}],"wp:featuredmedia":[{"embeddable":true,"href":"https:\/\/ena.cl\/index.php?rest_route=\/wp\/v2\/media\/1188"}],"wp:attachment":[{"href":"https:\/\/ena.cl\/index.php?rest_route=%2Fwp%2Fv2%2Fmedia&parent=1187"}],"wp:term":[{"taxonomy":"category","embeddable":true,"href":"https:\/\/ena.cl\/index.php?rest_route=%2Fwp%2Fv2%2Fcategories&post=1187"},{"taxonomy":"post_tag","embeddable":true,"href":"https:\/\/ena.cl\/index.php?rest_route=%2Fwp%2Fv2%2Ftags&post=1187"}],"curies":[{"name":"wp","href":"https:\/\/api.w.org\/{rel}","templated":true}]}}