{"id":1164,"date":"2015-12-01T23:53:14","date_gmt":"2015-12-01T23:53:14","guid":{"rendered":"https:\/\/ena.cl\/?p=1164"},"modified":"2015-12-01T23:53:14","modified_gmt":"2015-12-01T23:53:14","slug":"dictamos-curso-sobre-ausentismo-laboral-a-hospital-sotero-del-rio","status":"publish","type":"post","link":"https:\/\/ena.cl\/?p=1164","title":{"rendered":"Dictamos curso sobre Ausentismo Laboral a Hospital S\u00f3tero del R\u00edo"},"content":{"rendered":"<p><a href=\"https:\/\/ena.cl\/wp-content\/uploads\/2015\/12\/6-Sotero-del-Rio-Ausentismo.jpg\"><img loading=\"lazy\" decoding=\"async\" class=\"alignleft size-medium wp-image-1165\" src=\"https:\/\/ena.cl\/wp-content\/uploads\/2015\/12\/6-Sotero-del-Rio-Ausentismo-300x204.jpg\" alt=\"6 Sotero del Rio Ausentismo\" width=\"300\" height=\"204\" srcset=\"https:\/\/ena.cl\/wp-content\/uploads\/2015\/12\/6-Sotero-del-Rio-Ausentismo-300x204.jpg 300w, https:\/\/ena.cl\/wp-content\/uploads\/2015\/12\/6-Sotero-del-Rio-Ausentismo.jpg 600w\" sizes=\"auto, (max-width: 300px) 100vw, 300px\" \/><\/a>18 integrantes del Hospital S\u00f3tero de R\u00edo asistieron a la capacitaci\u00f3n denominada \u201cAusentismo Laboral: Gesti\u00f3n y An\u00e1lisis en el Sector P\u00fablico\u201d dictada el 09 y 10 de noviembre pasados.<\/p>\n<p>El objetivo de este curso fue que sus participantes conocieran y utilizaran las herramientas de gesti\u00f3n y an\u00e1lisis del ausentismo laboral en el sector p\u00fablico; fortaleci\u00e9ndose de esta manera, las competencias de los Comit\u00e9s de Ausentismo de este complejo asistencial.<\/p>\n<p>En este contexto, algunos de los temas revisados fueron: Marco conceptual de licencia m\u00e9dica curativa y ausentismo laboral (subsidio laboral); Reglamento de autorizaci\u00f3n de licencias m\u00e9dicas; Aspectos normativos de ausentismo laboral en instituciones de salud p\u00fablica; Sistema de Salud Previsional P\u00fablico (FONASA) y Privado (ISAPRES), rol del COMPIN y an\u00e1lisis del ausentismo, entre otros.<\/p>\n<p>Estos contenidos se revisaron adem\u00e1s con el an\u00e1lisis de la jurisprudencia asociada a estos temas y ejercicios pr\u00e1cticos dise\u00f1ados para propiciar la participaci\u00f3n de los estudiantes.<\/p>\n","protected":false},"excerpt":{"rendered":"<p>18 integrantes del Hospital S\u00f3tero de R\u00edo asistieron a la capacitaci\u00f3n denominada \u201cAusentismo Laboral: Gesti\u00f3n y An\u00e1lisis en el Sector P\u00fablico\u201d dictada el 09 y 10 de noviembre pasados. El objetivo de este curso fue que sus participantes conocieran y utilizaran las herramientas de gesti\u00f3n y an\u00e1lisis del ausentismo laboral en el sector p\u00fablico; fortaleci\u00e9ndose&hellip;<\/p>\n","protected":false},"author":1,"featured_media":1165,"comment_status":"closed","ping_status":"closed","sticky":false,"template":"","format":"standard","meta":{"footnotes":""},"categories":[2,15],"tags":[],"class_list":["post-1164","post","type-post","status-publish","format-standard","has-post-thumbnail","hentry","category-noticias","category-ultimos-cursos","category-2","category-15","description-off"],"_links":{"self":[{"href":"https:\/\/ena.cl\/index.php?rest_route=\/wp\/v2\/posts\/1164","targetHints":{"allow":["GET"]}}],"collection":[{"href":"https:\/\/ena.cl\/index.php?rest_route=\/wp\/v2\/posts"}],"about":[{"href":"https:\/\/ena.cl\/index.php?rest_route=\/wp\/v2\/types\/post"}],"author":[{"embeddable":true,"href":"https:\/\/ena.cl\/index.php?rest_route=\/wp\/v2\/users\/1"}],"replies":[{"embeddable":true,"href":"https:\/\/ena.cl\/index.php?rest_route=%2Fwp%2Fv2%2Fcomments&post=1164"}],"version-history":[{"count":1,"href":"https:\/\/ena.cl\/index.php?rest_route=\/wp\/v2\/posts\/1164\/revisions"}],"predecessor-version":[{"id":1166,"href":"https:\/\/ena.cl\/index.php?rest_route=\/wp\/v2\/posts\/1164\/revisions\/1166"}],"wp:featuredmedia":[{"embeddable":true,"href":"https:\/\/ena.cl\/index.php?rest_route=\/wp\/v2\/media\/1165"}],"wp:attachment":[{"href":"https:\/\/ena.cl\/index.php?rest_route=%2Fwp%2Fv2%2Fmedia&parent=1164"}],"wp:term":[{"taxonomy":"category","embeddable":true,"href":"https:\/\/ena.cl\/index.php?rest_route=%2Fwp%2Fv2%2Fcategories&post=1164"},{"taxonomy":"post_tag","embeddable":true,"href":"https:\/\/ena.cl\/index.php?rest_route=%2Fwp%2Fv2%2Ftags&post=1164"}],"curies":[{"name":"wp","href":"https:\/\/api.w.org\/{rel}","templated":true}]}}