{"id":1162,"date":"2015-12-01T23:50:59","date_gmt":"2015-12-01T23:50:59","guid":{"rendered":"https:\/\/ena.cl\/?p=1162"},"modified":"2015-12-01T23:50:59","modified_gmt":"2015-12-01T23:50:59","slug":"hospital-regional-de-antofagasta-se-capacita-en-ley-medica","status":"publish","type":"post","link":"https:\/\/ena.cl\/?p=1162","title":{"rendered":"Hospital Regional de Antofagasta se capacita en Ley M\u00e9dica"},"content":{"rendered":"<p><a href=\"https:\/\/ena.cl\/wp-content\/uploads\/2015\/11\/hospitalantof.jpg\"><img loading=\"lazy\" decoding=\"async\" class=\"alignleft size-medium wp-image-1127\" src=\"https:\/\/ena.cl\/wp-content\/uploads\/2015\/11\/hospitalantof-300x213.jpg\" alt=\"hospitalantof\" width=\"300\" height=\"213\" srcset=\"https:\/\/ena.cl\/wp-content\/uploads\/2015\/11\/hospitalantof-300x213.jpg 300w, https:\/\/ena.cl\/wp-content\/uploads\/2015\/11\/hospitalantof.jpg 400w\" sizes=\"auto, (max-width: 300px) 100vw, 300px\" \/><\/a>Complementar sus conocimientos en cuanto a la normativa del Estatuto de los Profesionales Funcionarios -modificado por la Ley 19.664 y actualizado por la Ley M\u00e9dica Complementaria- fue la finalidad de la capacitaci\u00f3n dictada a integrantes del Hospital Regional de Antofagasta.<\/p>\n<p>Para ello revisaron contenidos relacionados con: Reforma a la Salud por la Ley de Autoridad Sanitaria; Estatuto de los profesionales funcionarios y Estatuto Administrativo; Ley 19.664 que establece normas especiales para los profesionales funcionarios de los servicios de salud; Reglamentos de la citada ley; Ley M\u00e9dica Complementaria y derogaci\u00f3n de los cargos directivos; y el Programa de Formaci\u00f3n de Especialistas B\u00e1sicos en Atenci\u00f3n Primaria.<\/p>\n<p>La metodolog\u00eda de esta capacitaci\u00f3n incluy\u00f3 talleres pr\u00e1cticos de aplicaci\u00f3n de contenidos y ejercicios estructurados sobre la base de la experiencia laboral de los estudiantes, con un enfoque que integra la educaci\u00f3n de adultos y la perspectiva de g\u00e9nero.<\/p>\n<p>Este curso se dict\u00f3 los d\u00edas 05 y 06 de noviembre pasados, con un total de diez horas pedag\u00f3gicas y en \u00e9l participaron 22 integrantes de este hospital de la Segunda Regi\u00f3n de nuestro pa\u00eds.<\/p>\n<p>&nbsp;<\/p>\n","protected":false},"excerpt":{"rendered":"<p>Complementar sus conocimientos en cuanto a la normativa del Estatuto de los Profesionales Funcionarios -modificado por la Ley 19.664 y actualizado por la Ley M\u00e9dica Complementaria- fue la finalidad de la capacitaci\u00f3n dictada a integrantes del Hospital Regional de Antofagasta. Para ello revisaron contenidos relacionados con: Reforma a la Salud por la Ley de Autoridad&hellip;<\/p>\n","protected":false},"author":1,"featured_media":1127,"comment_status":"closed","ping_status":"closed","sticky":false,"template":"","format":"standard","meta":{"footnotes":""},"categories":[2,15],"tags":[],"class_list":["post-1162","post","type-post","status-publish","format-standard","has-post-thumbnail","hentry","category-noticias","category-ultimos-cursos","category-2","category-15","description-off"],"_links":{"self":[{"href":"https:\/\/ena.cl\/index.php?rest_route=\/wp\/v2\/posts\/1162","targetHints":{"allow":["GET"]}}],"collection":[{"href":"https:\/\/ena.cl\/index.php?rest_route=\/wp\/v2\/posts"}],"about":[{"href":"https:\/\/ena.cl\/index.php?rest_route=\/wp\/v2\/types\/post"}],"author":[{"embeddable":true,"href":"https:\/\/ena.cl\/index.php?rest_route=\/wp\/v2\/users\/1"}],"replies":[{"embeddable":true,"href":"https:\/\/ena.cl\/index.php?rest_route=%2Fwp%2Fv2%2Fcomments&post=1162"}],"version-history":[{"count":1,"href":"https:\/\/ena.cl\/index.php?rest_route=\/wp\/v2\/posts\/1162\/revisions"}],"predecessor-version":[{"id":1163,"href":"https:\/\/ena.cl\/index.php?rest_route=\/wp\/v2\/posts\/1162\/revisions\/1163"}],"wp:featuredmedia":[{"embeddable":true,"href":"https:\/\/ena.cl\/index.php?rest_route=\/wp\/v2\/media\/1127"}],"wp:attachment":[{"href":"https:\/\/ena.cl\/index.php?rest_route=%2Fwp%2Fv2%2Fmedia&parent=1162"}],"wp:term":[{"taxonomy":"category","embeddable":true,"href":"https:\/\/ena.cl\/index.php?rest_route=%2Fwp%2Fv2%2Fcategories&post=1162"},{"taxonomy":"post_tag","embeddable":true,"href":"https:\/\/ena.cl\/index.php?rest_route=%2Fwp%2Fv2%2Ftags&post=1162"}],"curies":[{"name":"wp","href":"https:\/\/api.w.org\/{rel}","templated":true}]}}