{"id":1155,"date":"2015-12-01T23:39:57","date_gmt":"2015-12-01T23:39:57","guid":{"rendered":"https:\/\/ena.cl\/?p=1155"},"modified":"2015-12-01T23:39:57","modified_gmt":"2015-12-01T23:39:57","slug":"curso-basico-de-salud-familiar-dictamos-a-municipalidad-de-santiago","status":"publish","type":"post","link":"https:\/\/ena.cl\/?p=1155","title":{"rendered":"Curso B\u00e1sico de Salud Familiar dictamos a Municipalidad de Santiago"},"content":{"rendered":"<p><a href=\"https:\/\/ena.cl\/wp-content\/uploads\/2015\/12\/3-Municipalidad-Santiago-Salud-Familiar-Basico.jpg\"><img loading=\"lazy\" decoding=\"async\" class=\"alignleft size-medium wp-image-1156\" src=\"https:\/\/ena.cl\/wp-content\/uploads\/2015\/12\/3-Municipalidad-Santiago-Salud-Familiar-Basico-300x204.jpg\" alt=\"3 Municipalidad Santiago Salud Familiar Basico\" width=\"300\" height=\"204\" srcset=\"https:\/\/ena.cl\/wp-content\/uploads\/2015\/12\/3-Municipalidad-Santiago-Salud-Familiar-Basico-300x204.jpg 300w, https:\/\/ena.cl\/wp-content\/uploads\/2015\/12\/3-Municipalidad-Santiago-Salud-Familiar-Basico.jpg 600w\" sizes=\"auto, (max-width: 300px) 100vw, 300px\" \/><\/a>Evaluar el estado de avance en la implementaci\u00f3n del Modelo de Salud Familiar y contribuir a generar los ajustes necesarios para dar estabilidad al cambio, fue el principal objetivo del curso dictado a la Municipalidad de Santiago.<\/p>\n<p>Fueron 35 participantes los que asistieron a esta capacitaci\u00f3n, cuya duraci\u00f3n de 27 horas pedag\u00f3gicas permiti\u00f3 abordar los contenidos de una manera integral, a partir de la formaci\u00f3n profesional de los tres docentes que dictaron el curso: Mauricio Belmar, Nutricionista; Mar\u00eda D\u00edaz, Asistente Social y Ximena Peralta, Psic\u00f3loga. Todos ellos con estudios de especializaci\u00f3n y post t\u00edtulos en cada una de sus \u00e1reas.<\/p>\n<p>Entre los contenidos revisados, se encuentran: Modelo de atenci\u00f3n integral con enfoque familiar y comunitario; aspectos conceptuales y metodol\u00f3gicos vinculados al estudio de familias; concepto de ciclo vital individual y familiar.<\/p>\n<p>Este curso se dict\u00f3 en modalidad presencial, con contenidos te\u00f3ricos y pr\u00e1cticos,\u00a0 enfocados dese la formaci\u00f3n de adultos.<\/p>\n","protected":false},"excerpt":{"rendered":"<p>Evaluar el estado de avance en la implementaci\u00f3n del Modelo de Salud Familiar y contribuir a generar los ajustes necesarios para dar estabilidad al cambio, fue el principal objetivo del curso dictado a la Municipalidad de Santiago. Fueron 35 participantes los que asistieron a esta capacitaci\u00f3n, cuya duraci\u00f3n de 27 horas pedag\u00f3gicas permiti\u00f3 abordar los&hellip;<\/p>\n","protected":false},"author":1,"featured_media":1156,"comment_status":"closed","ping_status":"closed","sticky":false,"template":"","format":"standard","meta":{"footnotes":""},"categories":[2,15],"tags":[],"class_list":["post-1155","post","type-post","status-publish","format-standard","has-post-thumbnail","hentry","category-noticias","category-ultimos-cursos","category-2","category-15","description-off"],"_links":{"self":[{"href":"https:\/\/ena.cl\/index.php?rest_route=\/wp\/v2\/posts\/1155","targetHints":{"allow":["GET"]}}],"collection":[{"href":"https:\/\/ena.cl\/index.php?rest_route=\/wp\/v2\/posts"}],"about":[{"href":"https:\/\/ena.cl\/index.php?rest_route=\/wp\/v2\/types\/post"}],"author":[{"embeddable":true,"href":"https:\/\/ena.cl\/index.php?rest_route=\/wp\/v2\/users\/1"}],"replies":[{"embeddable":true,"href":"https:\/\/ena.cl\/index.php?rest_route=%2Fwp%2Fv2%2Fcomments&post=1155"}],"version-history":[{"count":1,"href":"https:\/\/ena.cl\/index.php?rest_route=\/wp\/v2\/posts\/1155\/revisions"}],"predecessor-version":[{"id":1157,"href":"https:\/\/ena.cl\/index.php?rest_route=\/wp\/v2\/posts\/1155\/revisions\/1157"}],"wp:featuredmedia":[{"embeddable":true,"href":"https:\/\/ena.cl\/index.php?rest_route=\/wp\/v2\/media\/1156"}],"wp:attachment":[{"href":"https:\/\/ena.cl\/index.php?rest_route=%2Fwp%2Fv2%2Fmedia&parent=1155"}],"wp:term":[{"taxonomy":"category","embeddable":true,"href":"https:\/\/ena.cl\/index.php?rest_route=%2Fwp%2Fv2%2Fcategories&post=1155"},{"taxonomy":"post_tag","embeddable":true,"href":"https:\/\/ena.cl\/index.php?rest_route=%2Fwp%2Fv2%2Ftags&post=1155"}],"curies":[{"name":"wp","href":"https:\/\/api.w.org\/{rel}","templated":true}]}}