{"id":1152,"date":"2015-12-01T23:37:20","date_gmt":"2015-12-01T23:37:20","guid":{"rendered":"https:\/\/ena.cl\/?p=1152"},"modified":"2015-12-01T23:37:20","modified_gmt":"2015-12-01T23:37:20","slug":"hospital-carlos-van-buren-se-perfecciona-en-estatuto-administrativo","status":"publish","type":"post","link":"https:\/\/ena.cl\/?p=1152","title":{"rendered":"Hospital Carlos Van Buren se perfecciona en Estatuto Administrativo"},"content":{"rendered":"<p><a href=\"https:\/\/ena.cl\/wp-content\/uploads\/2015\/12\/2-HCVB-Estatuto.jpg\"><img loading=\"lazy\" decoding=\"async\" class=\"alignleft size-medium wp-image-1153\" src=\"https:\/\/ena.cl\/wp-content\/uploads\/2015\/12\/2-HCVB-Estatuto-300x204.jpg\" alt=\"2 HCVB Estatuto\" width=\"300\" height=\"204\" srcset=\"https:\/\/ena.cl\/wp-content\/uploads\/2015\/12\/2-HCVB-Estatuto-300x204.jpg 300w, https:\/\/ena.cl\/wp-content\/uploads\/2015\/12\/2-HCVB-Estatuto.jpg 600w\" sizes=\"auto, (max-width: 300px) 100vw, 300px\" \/><\/a>26 integrantes de este hospital participaron en la capacitaci\u00f3n referida a Estatuto Administrativo, realizada a finales de octubre pasado.<\/p>\n<p>Este curso tuvo como prop\u00f3sito que sus alumnos adquirieran las competencias para interpretar y aplicar, tanto el Estatuto Administrativo y dem\u00e1s normas complementarias, como sus reglamentos, con especial atenci\u00f3n a las disposiciones que en materia de personal ha incorporado la Ley de Autoridad Sanitaria.<\/p>\n<p>De esta forma, las unidades de estudio fueron estructuradas en cuatro: Reforma al Modelo de Salud Chileno; Estatuto Administrativo, Nuevo Trato Laboral y normas especiales incorporadas por la Ley de Autoridad Sanitaria; Probidad administrativa y responsabilidad funcionaria.<\/p>\n<p>La modalidad de esta capacitaci\u00f3n fue presencial, con clases te\u00f3ricas y ejercicios pr\u00e1cticos estructurados de acuerdo a la experiencia laboral de los participantes.<\/p>\n","protected":false},"excerpt":{"rendered":"<p>26 integrantes de este hospital participaron en la capacitaci\u00f3n referida a Estatuto Administrativo, realizada a finales de octubre pasado. Este curso tuvo como prop\u00f3sito que sus alumnos adquirieran las competencias para interpretar y aplicar, tanto el Estatuto Administrativo y dem\u00e1s normas complementarias, como sus reglamentos, con especial atenci\u00f3n a las disposiciones que en materia de&hellip;<\/p>\n","protected":false},"author":1,"featured_media":1153,"comment_status":"closed","ping_status":"closed","sticky":false,"template":"","format":"standard","meta":{"footnotes":""},"categories":[2,15],"tags":[],"class_list":["post-1152","post","type-post","status-publish","format-standard","has-post-thumbnail","hentry","category-noticias","category-ultimos-cursos","category-2","category-15","description-off"],"_links":{"self":[{"href":"https:\/\/ena.cl\/index.php?rest_route=\/wp\/v2\/posts\/1152","targetHints":{"allow":["GET"]}}],"collection":[{"href":"https:\/\/ena.cl\/index.php?rest_route=\/wp\/v2\/posts"}],"about":[{"href":"https:\/\/ena.cl\/index.php?rest_route=\/wp\/v2\/types\/post"}],"author":[{"embeddable":true,"href":"https:\/\/ena.cl\/index.php?rest_route=\/wp\/v2\/users\/1"}],"replies":[{"embeddable":true,"href":"https:\/\/ena.cl\/index.php?rest_route=%2Fwp%2Fv2%2Fcomments&post=1152"}],"version-history":[{"count":1,"href":"https:\/\/ena.cl\/index.php?rest_route=\/wp\/v2\/posts\/1152\/revisions"}],"predecessor-version":[{"id":1154,"href":"https:\/\/ena.cl\/index.php?rest_route=\/wp\/v2\/posts\/1152\/revisions\/1154"}],"wp:featuredmedia":[{"embeddable":true,"href":"https:\/\/ena.cl\/index.php?rest_route=\/wp\/v2\/media\/1153"}],"wp:attachment":[{"href":"https:\/\/ena.cl\/index.php?rest_route=%2Fwp%2Fv2%2Fmedia&parent=1152"}],"wp:term":[{"taxonomy":"category","embeddable":true,"href":"https:\/\/ena.cl\/index.php?rest_route=%2Fwp%2Fv2%2Fcategories&post=1152"},{"taxonomy":"post_tag","embeddable":true,"href":"https:\/\/ena.cl\/index.php?rest_route=%2Fwp%2Fv2%2Ftags&post=1152"}],"curies":[{"name":"wp","href":"https:\/\/api.w.org\/{rel}","templated":true}]}}