{"id":1148,"date":"2015-12-01T23:35:32","date_gmt":"2015-12-01T23:35:32","guid":{"rendered":"https:\/\/ena.cl\/?p=1148"},"modified":"2015-12-01T23:35:53","modified_gmt":"2015-12-01T23:35:53","slug":"servicio-de-salud-vina-del-mar-quillota-se-capacita-en-sumario-administrativo","status":"publish","type":"post","link":"https:\/\/ena.cl\/?p=1148","title":{"rendered":"Servicio de Salud Vi\u00f1a del Mar Quillota se capacita en Sumario Administrativo"},"content":{"rendered":"<p><a href=\"https:\/\/ena.cl\/wp-content\/uploads\/2015\/12\/1-sumario.jpg\"><img loading=\"lazy\" decoding=\"async\" class=\"alignleft size-medium wp-image-1149\" src=\"https:\/\/ena.cl\/wp-content\/uploads\/2015\/12\/1-sumario-300x204.jpg\" alt=\"1-sumario\" width=\"300\" height=\"204\" srcset=\"https:\/\/ena.cl\/wp-content\/uploads\/2015\/12\/1-sumario-300x204.jpg 300w, https:\/\/ena.cl\/wp-content\/uploads\/2015\/12\/1-sumario.jpg 600w\" sizes=\"auto, (max-width: 300px) 100vw, 300px\" \/><\/a>21 horas pedag\u00f3gicas tuvo este curso desarrollado para funcionarios del Servicio de Salud Vi\u00f1a Del Mar Quillota, realizado durante la \u00faltima semana de octubre.<\/p>\n<p>Esta capacitaci\u00f3n se dict\u00f3 pensando en lograr dos objetivos: que sus estudiantes fortalecieran sus competencias para instruir, o simplemente ejercer su derecho a la defensa, de manera eficaz ante una anotaci\u00f3n de dem\u00e9rito, una investigaci\u00f3n sumaria o sumario administrativo; y por otro lado, ser parte en un sumario administrativo o juicio de cuentas instruido por la Contralor\u00eda General de la Rep\u00fablica.<\/p>\n<p>Para ello, los contenidos revisados se estructuraron en cuatro unidades de estudio: Contexto laboral, r\u00e9gimen estatutario y responsabilidad funcionaria; Principios y fuentes de la responsabilidad administrativa o disciplinaria, pol\u00edtica, civil y penal; El proceso administrativo: Investigaci\u00f3n sumaria y sumario administrativo; Procedimientos administrativos sancionadores con origen en la Contralor\u00eda General de la Rep\u00fablica.<\/p>\n<p>Estos contenidos te\u00f3ricos se complementaron con talleres pr\u00e1cticos en los que realizaron an\u00e1lisis de casos pr\u00e1cticos, a la luz de la jurisprudencia administrativa y judicial.<\/p>\n","protected":false},"excerpt":{"rendered":"<p>21 horas pedag\u00f3gicas tuvo este curso desarrollado para funcionarios del Servicio de Salud Vi\u00f1a Del Mar Quillota, realizado durante la \u00faltima semana de octubre. Esta capacitaci\u00f3n se dict\u00f3 pensando en lograr dos objetivos: que sus estudiantes fortalecieran sus competencias para instruir, o simplemente ejercer su derecho a la defensa, de manera eficaz ante una anotaci\u00f3n&hellip;<\/p>\n","protected":false},"author":1,"featured_media":1149,"comment_status":"closed","ping_status":"closed","sticky":false,"template":"","format":"standard","meta":{"footnotes":""},"categories":[2,15],"tags":[],"class_list":["post-1148","post","type-post","status-publish","format-standard","has-post-thumbnail","hentry","category-noticias","category-ultimos-cursos","category-2","category-15","description-off"],"_links":{"self":[{"href":"https:\/\/ena.cl\/index.php?rest_route=\/wp\/v2\/posts\/1148","targetHints":{"allow":["GET"]}}],"collection":[{"href":"https:\/\/ena.cl\/index.php?rest_route=\/wp\/v2\/posts"}],"about":[{"href":"https:\/\/ena.cl\/index.php?rest_route=\/wp\/v2\/types\/post"}],"author":[{"embeddable":true,"href":"https:\/\/ena.cl\/index.php?rest_route=\/wp\/v2\/users\/1"}],"replies":[{"embeddable":true,"href":"https:\/\/ena.cl\/index.php?rest_route=%2Fwp%2Fv2%2Fcomments&post=1148"}],"version-history":[{"count":2,"href":"https:\/\/ena.cl\/index.php?rest_route=\/wp\/v2\/posts\/1148\/revisions"}],"predecessor-version":[{"id":1151,"href":"https:\/\/ena.cl\/index.php?rest_route=\/wp\/v2\/posts\/1148\/revisions\/1151"}],"wp:featuredmedia":[{"embeddable":true,"href":"https:\/\/ena.cl\/index.php?rest_route=\/wp\/v2\/media\/1149"}],"wp:attachment":[{"href":"https:\/\/ena.cl\/index.php?rest_route=%2Fwp%2Fv2%2Fmedia&parent=1148"}],"wp:term":[{"taxonomy":"category","embeddable":true,"href":"https:\/\/ena.cl\/index.php?rest_route=%2Fwp%2Fv2%2Fcategories&post=1148"},{"taxonomy":"post_tag","embeddable":true,"href":"https:\/\/ena.cl\/index.php?rest_route=%2Fwp%2Fv2%2Ftags&post=1148"}],"curies":[{"name":"wp","href":"https:\/\/api.w.org\/{rel}","templated":true}]}}