{"id":1064,"date":"2015-10-07T23:33:43","date_gmt":"2015-10-07T23:33:43","guid":{"rendered":"https:\/\/ena.cl\/?p=1064"},"modified":"2015-10-26T18:08:52","modified_gmt":"2015-10-26T18:08:52","slug":"curso-de-estatuto-administrativo-para-integrantes-del-centro-asistencial-norte-de-antofagasta","status":"publish","type":"post","link":"https:\/\/ena.cl\/?p=1064","title":{"rendered":"Curso de Estatuto Administrativo para integrantes del Centro Asistencial Norte de Antofagasta"},"content":{"rendered":"<p><a href=\"https:\/\/ena.cl\/wp-content\/uploads\/2015\/10\/IMG_5729.jpg\"><img loading=\"lazy\" decoding=\"async\" class=\"alignleft size-medium wp-image-1088\" src=\"https:\/\/ena.cl\/wp-content\/uploads\/2015\/10\/IMG_5729-300x225.jpg\" alt=\"IMG_5729\" width=\"300\" height=\"225\" srcset=\"https:\/\/ena.cl\/wp-content\/uploads\/2015\/10\/IMG_5729-300x225.jpg 300w, https:\/\/ena.cl\/wp-content\/uploads\/2015\/10\/IMG_5729-600x450.jpg 600w, https:\/\/ena.cl\/wp-content\/uploads\/2015\/10\/IMG_5729-1024x768.jpg 1024w, https:\/\/ena.cl\/wp-content\/uploads\/2015\/10\/IMG_5729-1200x900.jpg 1200w, https:\/\/ena.cl\/wp-content\/uploads\/2015\/10\/IMG_5729-400x300.jpg 400w\" sizes=\"auto, (max-width: 300px) 100vw, 300px\" \/><\/a>La capacitaci\u00f3n, denominada \u201cEl Estatuto Administrativo del Personal del Sector Salud\u201d se efectu\u00f3 los d\u00edas 24 y 25 de septiembre, a 25 funcionarios de este centro asistencial en la ciudad de Antofagasta.<\/p>\n<p>Con un total de 21 horas pedag\u00f3gicas, este curso tuvo como objetivo que sus estudiantes fortalecieran sus competencias para interpretar y aplicar: tanto el Estatuto Administrativo y dem\u00e1s normas complementarias, como sus reglamentos, con especial atenci\u00f3n a las disposiciones que en materia de personal ha incorporado la Ley de Autoridad Sanitaria.<\/p>\n<p>Los contenidos se estructuraron en tres unidades de estudio, las que se distribuyeron conforme al orden de los T\u00edtulos del Estatuto Administrativo: Reforma al Modelo de Salud Chileno; Estatuto Administrativo, Nuevo Trato Laboral y normas especiales incorporadas por la Ley de Autoridad Sanitaria; y Probidad Administrativa y Responsabilidad Funcionaria.<\/p>\n<p>Este curso se realiz\u00f3 de manera presencial, complementando clases te\u00f3ricas con ejercicios pr\u00e1cticos y enfocando los contenidos hacia una formaci\u00f3n de adultos basada en la experiencia laboral.<\/p>\n","protected":false},"excerpt":{"rendered":"<p>La capacitaci\u00f3n, denominada \u201cEl Estatuto Administrativo del Personal del Sector Salud\u201d se efectu\u00f3 los d\u00edas 24 y 25 de septiembre, a 25 funcionarios de este centro asistencial en la ciudad de Antofagasta. Con un total de 21 horas pedag\u00f3gicas, este curso tuvo como objetivo que sus estudiantes fortalecieran sus competencias para interpretar y aplicar: tanto&hellip;<\/p>\n","protected":false},"author":3,"featured_media":1088,"comment_status":"closed","ping_status":"closed","sticky":false,"template":"","format":"standard","meta":{"footnotes":""},"categories":[2,15],"tags":[],"class_list":["post-1064","post","type-post","status-publish","format-standard","has-post-thumbnail","hentry","category-noticias","category-ultimos-cursos","category-2","category-15","description-off"],"_links":{"self":[{"href":"https:\/\/ena.cl\/index.php?rest_route=\/wp\/v2\/posts\/1064","targetHints":{"allow":["GET"]}}],"collection":[{"href":"https:\/\/ena.cl\/index.php?rest_route=\/wp\/v2\/posts"}],"about":[{"href":"https:\/\/ena.cl\/index.php?rest_route=\/wp\/v2\/types\/post"}],"author":[{"embeddable":true,"href":"https:\/\/ena.cl\/index.php?rest_route=\/wp\/v2\/users\/3"}],"replies":[{"embeddable":true,"href":"https:\/\/ena.cl\/index.php?rest_route=%2Fwp%2Fv2%2Fcomments&post=1064"}],"version-history":[{"count":3,"href":"https:\/\/ena.cl\/index.php?rest_route=\/wp\/v2\/posts\/1064\/revisions"}],"predecessor-version":[{"id":1090,"href":"https:\/\/ena.cl\/index.php?rest_route=\/wp\/v2\/posts\/1064\/revisions\/1090"}],"wp:featuredmedia":[{"embeddable":true,"href":"https:\/\/ena.cl\/index.php?rest_route=\/wp\/v2\/media\/1088"}],"wp:attachment":[{"href":"https:\/\/ena.cl\/index.php?rest_route=%2Fwp%2Fv2%2Fmedia&parent=1064"}],"wp:term":[{"taxonomy":"category","embeddable":true,"href":"https:\/\/ena.cl\/index.php?rest_route=%2Fwp%2Fv2%2Fcategories&post=1064"},{"taxonomy":"post_tag","embeddable":true,"href":"https:\/\/ena.cl\/index.php?rest_route=%2Fwp%2Fv2%2Ftags&post=1064"}],"curies":[{"name":"wp","href":"https:\/\/api.w.org\/{rel}","templated":true}]}}