{"id":1061,"date":"2015-10-07T23:30:54","date_gmt":"2015-10-07T23:30:54","guid":{"rendered":"https:\/\/ena.cl\/?p=1061"},"modified":"2015-10-07T23:30:54","modified_gmt":"2015-10-07T23:30:54","slug":"funcionarios-hospital-el-salvador-se-perfeccionan-en-probidad-y-transparencia","status":"publish","type":"post","link":"https:\/\/ena.cl\/?p=1061","title":{"rendered":"Funcionarios Hospital El Salvador se perfeccionan en Probidad y Transparencia"},"content":{"rendered":"<p><a href=\"https:\/\/ena.cl\/wp-content\/uploads\/2015\/10\/Foto-2-El-Salvador-Probidad.jpg\"><img loading=\"lazy\" decoding=\"async\" class=\"alignleft size-medium wp-image-1062\" src=\"https:\/\/ena.cl\/wp-content\/uploads\/2015\/10\/Foto-2-El-Salvador-Probidad-300x202.jpg\" alt=\"Foto 2 El Salvador Probidad\" width=\"300\" height=\"202\" srcset=\"https:\/\/ena.cl\/wp-content\/uploads\/2015\/10\/Foto-2-El-Salvador-Probidad-300x202.jpg 300w, https:\/\/ena.cl\/wp-content\/uploads\/2015\/10\/Foto-2-El-Salvador-Probidad.jpg 600w\" sizes=\"auto, (max-width: 300px) 100vw, 300px\" \/><\/a>Con un total de 20 horas pedag\u00f3gicas se realiz\u00f3 este curso denominado \u201cFortalecimiento de la Probidad y Transparencia en el Sector P\u00fablico\u201d a dos grupos de funcionarios del Hospital El Salvador.<\/p>\n<p>En total fueron 66 personas las que participaron de esta capacitaci\u00f3n realizada entre el 21 y 24 de septiembre pasados, en dependencias de este centro asistencial de la Regi\u00f3n Metropolitana.<\/p>\n<p>El objetivo de este curso fue que los estudiantes fortalecieran sus competencias para interpretar y aplicar fielmente las normas generales propias del Principio de Probidad, Transparencia y Responsabilidad Administrativa, en el marco de la Funci\u00f3n P\u00fablica Civil del Estado y el Nuevo Modelo de Atenci\u00f3n en Salud.<\/p>\n<p>Es as\u00ed que la capacitaci\u00f3n se estructur\u00f3 en cuatro unidades: Principio de Probidad Administrativa: normas, jurisprudencia e instituciones garantes; Principio de Transparencia: Ley 20.285 de Acceso a la Informaci\u00f3n P\u00fablica; Responsabilidad administrativa del funcionario p\u00fablico en el ejercicio de sus tareas; y jurisprudencias administrativa y judicial en la materia.<\/p>\n","protected":false},"excerpt":{"rendered":"<p>Con un total de 20 horas pedag\u00f3gicas se realiz\u00f3 este curso denominado \u201cFortalecimiento de la Probidad y Transparencia en el Sector P\u00fablico\u201d a dos grupos de funcionarios del Hospital El Salvador. En total fueron 66 personas las que participaron de esta capacitaci\u00f3n realizada entre el 21 y 24 de septiembre pasados, en dependencias de este&hellip;<\/p>\n","protected":false},"author":3,"featured_media":1062,"comment_status":"closed","ping_status":"closed","sticky":false,"template":"","format":"standard","meta":{"footnotes":""},"categories":[2,15],"tags":[],"class_list":["post-1061","post","type-post","status-publish","format-standard","has-post-thumbnail","hentry","category-noticias","category-ultimos-cursos","category-2","category-15","description-off"],"_links":{"self":[{"href":"https:\/\/ena.cl\/index.php?rest_route=\/wp\/v2\/posts\/1061","targetHints":{"allow":["GET"]}}],"collection":[{"href":"https:\/\/ena.cl\/index.php?rest_route=\/wp\/v2\/posts"}],"about":[{"href":"https:\/\/ena.cl\/index.php?rest_route=\/wp\/v2\/types\/post"}],"author":[{"embeddable":true,"href":"https:\/\/ena.cl\/index.php?rest_route=\/wp\/v2\/users\/3"}],"replies":[{"embeddable":true,"href":"https:\/\/ena.cl\/index.php?rest_route=%2Fwp%2Fv2%2Fcomments&post=1061"}],"version-history":[{"count":1,"href":"https:\/\/ena.cl\/index.php?rest_route=\/wp\/v2\/posts\/1061\/revisions"}],"predecessor-version":[{"id":1063,"href":"https:\/\/ena.cl\/index.php?rest_route=\/wp\/v2\/posts\/1061\/revisions\/1063"}],"wp:featuredmedia":[{"embeddable":true,"href":"https:\/\/ena.cl\/index.php?rest_route=\/wp\/v2\/media\/1062"}],"wp:attachment":[{"href":"https:\/\/ena.cl\/index.php?rest_route=%2Fwp%2Fv2%2Fmedia&parent=1061"}],"wp:term":[{"taxonomy":"category","embeddable":true,"href":"https:\/\/ena.cl\/index.php?rest_route=%2Fwp%2Fv2%2Fcategories&post=1061"},{"taxonomy":"post_tag","embeddable":true,"href":"https:\/\/ena.cl\/index.php?rest_route=%2Fwp%2Fv2%2Ftags&post=1061"}],"curies":[{"name":"wp","href":"https:\/\/api.w.org\/{rel}","templated":true}]}}