{"id":1035,"date":"2015-09-15T00:00:23","date_gmt":"2015-09-15T00:00:23","guid":{"rendered":"https:\/\/ena.cl\/?p=1035"},"modified":"2015-09-28T14:41:41","modified_gmt":"2015-09-28T14:41:41","slug":"gremios-de-enfermeras-y-enfermeros-se-capacitan-en-estatuto-administrativo","status":"publish","type":"post","link":"https:\/\/ena.cl\/?p=1035","title":{"rendered":"Dirigentes Gremiales del Hospital de Temuco se capacitan en Funci\u00f3n P\u00fablica"},"content":{"rendered":"<p><a href=\"https:\/\/ena.cl\/wp-content\/uploads\/2015\/09\/Foto-6-Temuco-Funcion-Publica-Avanzada.jpg\"><img loading=\"lazy\" decoding=\"async\" class=\"alignleft size-medium wp-image-1036\" src=\"https:\/\/ena.cl\/wp-content\/uploads\/2015\/09\/Foto-6-Temuco-Funcion-Publica-Avanzada-300x225.jpg\" alt=\"Foto 6 Temuco Funcion Publica Avanzada\" width=\"300\" height=\"225\" srcset=\"https:\/\/ena.cl\/wp-content\/uploads\/2015\/09\/Foto-6-Temuco-Funcion-Publica-Avanzada-300x225.jpg 300w, https:\/\/ena.cl\/wp-content\/uploads\/2015\/09\/Foto-6-Temuco-Funcion-Publica-Avanzada-400x300.jpg 400w, https:\/\/ena.cl\/wp-content\/uploads\/2015\/09\/Foto-6-Temuco-Funcion-Publica-Avanzada.jpg 600w\" sizes=\"auto, (max-width: 300px) 100vw, 300px\" \/><\/a>Con el objeto que sus estudiantes actualizaran sus competencias en lo referente al Estatuto Administrativo y dem\u00e1s normas complementarias, profesionales de enfermer\u00eda participaron en esta capacitaci\u00f3n realizada los d\u00edas 10 y 11 de septiembre.<\/p>\n<p>Este curso fue dirigido Dirigentes de las Asociaciones Gremiales del Hospital de Temuco. Cont\u00f3 con la asistencia de 28 estudiantes pertenecientes a la Fenats, Asenf\u00a0y\u00a0Fenpruss.<\/p>\n<p>Los contenidos de esta capacitaci\u00f3n se estructuraron en dos\u00a0unidades:\u00a0El Sistema de Calificaciones y Responsabilidad Administrativa.<\/p>\n<p>La capacitaci\u00f3n cont\u00f3 con 20 horas pedag\u00f3gicas, las que se desarrollaron de manera presencial y a trav\u00e9s del aula virtual de ENA, combinando clases expositivas con ejercicios pr\u00e1cticos de las materias revisadas en el curso.<\/p>\n<p>&nbsp;<\/p>\n","protected":false},"excerpt":{"rendered":"<p>Con el objeto que sus estudiantes actualizaran sus competencias en lo referente al Estatuto Administrativo y dem\u00e1s normas complementarias, profesionales de enfermer\u00eda participaron en esta capacitaci\u00f3n realizada los d\u00edas 10 y 11 de septiembre. Este curso fue dirigido Dirigentes de las Asociaciones Gremiales del Hospital de Temuco. Cont\u00f3 con la asistencia de 28 estudiantes pertenecientes&hellip;<\/p>\n","protected":false},"author":3,"featured_media":1036,"comment_status":"closed","ping_status":"closed","sticky":false,"template":"","format":"standard","meta":{"footnotes":""},"categories":[2,15],"tags":[],"class_list":["post-1035","post","type-post","status-publish","format-standard","has-post-thumbnail","hentry","category-noticias","category-ultimos-cursos","category-2","category-15","description-off"],"_links":{"self":[{"href":"https:\/\/ena.cl\/index.php?rest_route=\/wp\/v2\/posts\/1035","targetHints":{"allow":["GET"]}}],"collection":[{"href":"https:\/\/ena.cl\/index.php?rest_route=\/wp\/v2\/posts"}],"about":[{"href":"https:\/\/ena.cl\/index.php?rest_route=\/wp\/v2\/types\/post"}],"author":[{"embeddable":true,"href":"https:\/\/ena.cl\/index.php?rest_route=\/wp\/v2\/users\/3"}],"replies":[{"embeddable":true,"href":"https:\/\/ena.cl\/index.php?rest_route=%2Fwp%2Fv2%2Fcomments&post=1035"}],"version-history":[{"count":5,"href":"https:\/\/ena.cl\/index.php?rest_route=\/wp\/v2\/posts\/1035\/revisions"}],"predecessor-version":[{"id":1054,"href":"https:\/\/ena.cl\/index.php?rest_route=\/wp\/v2\/posts\/1035\/revisions\/1054"}],"wp:featuredmedia":[{"embeddable":true,"href":"https:\/\/ena.cl\/index.php?rest_route=\/wp\/v2\/media\/1036"}],"wp:attachment":[{"href":"https:\/\/ena.cl\/index.php?rest_route=%2Fwp%2Fv2%2Fmedia&parent=1035"}],"wp:term":[{"taxonomy":"category","embeddable":true,"href":"https:\/\/ena.cl\/index.php?rest_route=%2Fwp%2Fv2%2Fcategories&post=1035"},{"taxonomy":"post_tag","embeddable":true,"href":"https:\/\/ena.cl\/index.php?rest_route=%2Fwp%2Fv2%2Ftags&post=1035"}],"curies":[{"name":"wp","href":"https:\/\/api.w.org\/{rel}","templated":true}]}}