{"id":1027,"date":"2015-09-15T00:00:28","date_gmt":"2015-09-15T00:00:28","guid":{"rendered":"https:\/\/ena.cl\/?p=1027"},"modified":"2015-09-27T20:54:26","modified_gmt":"2015-09-27T20:54:26","slug":"curso-sobre-salud-mental-e-inteligencia-emocional-para-hospital-de-arica","status":"publish","type":"post","link":"https:\/\/ena.cl\/?p=1027","title":{"rendered":"Curso sobre Salud Mental e Inteligencia Emocional para Hospital de Arica"},"content":{"rendered":"<p><a href=\"https:\/\/ena.cl\/wp-content\/uploads\/2015\/09\/Foto-5-Arica-Inteligencia-Emocional2.jpg\"><img loading=\"lazy\" decoding=\"async\" class=\"alignleft size-medium wp-image-1029\" src=\"https:\/\/ena.cl\/wp-content\/uploads\/2015\/09\/Foto-5-Arica-Inteligencia-Emocional2-300x225.jpg\" alt=\"Foto 5 Arica Inteligencia Emocional2\" width=\"300\" height=\"225\" srcset=\"https:\/\/ena.cl\/wp-content\/uploads\/2015\/09\/Foto-5-Arica-Inteligencia-Emocional2-300x225.jpg 300w, https:\/\/ena.cl\/wp-content\/uploads\/2015\/09\/Foto-5-Arica-Inteligencia-Emocional2-400x300.jpg 400w, https:\/\/ena.cl\/wp-content\/uploads\/2015\/09\/Foto-5-Arica-Inteligencia-Emocional2.jpg 600w\" sizes=\"auto, (max-width: 300px) 100vw, 300px\" \/><\/a>Esta capacitaci\u00f3n tuvo como objetivo que sus participantes fueran capaces de utilizar las emociones saludables como gu\u00eda para la acci\u00f3n adaptativa y la resoluci\u00f3n de problemas en el puesto de trabajo y en la organizaci\u00f3n.<\/p>\n<p>Fueron 20 integrantes del Hospital de Arica los que participaron de este taller realizado los d\u00edas 10 y 11 de septiembre por la docente ENA, Ximena Peralta, quien es psic\u00f3loga con una amplia experiencia en temas organizacionales y de gesti\u00f3n del cambio.<\/p>\n<p>Los temas revisados en el curso se estructuraron en cuatro m\u00f3dulos: Identificando nuestro ser interior; Inteligencia emocional; V\u00ednculo entre nuestro tipo de personalidad y el entorno profesional; Equilibrio entre los planos personal y profesional.<\/p>\n<p>La metodolog\u00eda utilizada facilit\u00f3 el an\u00e1lisis por parte de los integrantes de cada equipo de trabajo, lo que favoreci\u00f3 la reflexi\u00f3n en torno a la necesidad de desarrollar una inteligencia emocional, de practicar una escucha activa y mantener una postura de empat\u00eda, tanto a nivel personal como con los pacientes que llegan al hospital.<\/p>\n<p>&nbsp;<\/p>\n","protected":false},"excerpt":{"rendered":"<p>Esta capacitaci\u00f3n tuvo como objetivo que sus participantes fueran capaces de utilizar las emociones saludables como gu\u00eda para la acci\u00f3n adaptativa y la resoluci\u00f3n de problemas en el puesto de trabajo y en la organizaci\u00f3n. Fueron 20 integrantes del Hospital de Arica los que participaron de este taller realizado los d\u00edas 10 y 11 de&hellip;<\/p>\n","protected":false},"author":3,"featured_media":1028,"comment_status":"closed","ping_status":"closed","sticky":false,"template":"","format":"standard","meta":{"footnotes":""},"categories":[2,15],"tags":[],"class_list":["post-1027","post","type-post","status-publish","format-standard","has-post-thumbnail","hentry","category-noticias","category-ultimos-cursos","category-2","category-15","description-off"],"_links":{"self":[{"href":"https:\/\/ena.cl\/index.php?rest_route=\/wp\/v2\/posts\/1027","targetHints":{"allow":["GET"]}}],"collection":[{"href":"https:\/\/ena.cl\/index.php?rest_route=\/wp\/v2\/posts"}],"about":[{"href":"https:\/\/ena.cl\/index.php?rest_route=\/wp\/v2\/types\/post"}],"author":[{"embeddable":true,"href":"https:\/\/ena.cl\/index.php?rest_route=\/wp\/v2\/users\/3"}],"replies":[{"embeddable":true,"href":"https:\/\/ena.cl\/index.php?rest_route=%2Fwp%2Fv2%2Fcomments&post=1027"}],"version-history":[{"count":1,"href":"https:\/\/ena.cl\/index.php?rest_route=\/wp\/v2\/posts\/1027\/revisions"}],"predecessor-version":[{"id":1030,"href":"https:\/\/ena.cl\/index.php?rest_route=\/wp\/v2\/posts\/1027\/revisions\/1030"}],"wp:featuredmedia":[{"embeddable":true,"href":"https:\/\/ena.cl\/index.php?rest_route=\/wp\/v2\/media\/1028"}],"wp:attachment":[{"href":"https:\/\/ena.cl\/index.php?rest_route=%2Fwp%2Fv2%2Fmedia&parent=1027"}],"wp:term":[{"taxonomy":"category","embeddable":true,"href":"https:\/\/ena.cl\/index.php?rest_route=%2Fwp%2Fv2%2Fcategories&post=1027"},{"taxonomy":"post_tag","embeddable":true,"href":"https:\/\/ena.cl\/index.php?rest_route=%2Fwp%2Fv2%2Ftags&post=1027"}],"curies":[{"name":"wp","href":"https:\/\/api.w.org\/{rel}","templated":true}]}}