{"id":1024,"date":"2015-09-15T00:00:34","date_gmt":"2015-09-15T00:00:34","guid":{"rendered":"https:\/\/ena.cl\/?p=1024"},"modified":"2015-09-27T20:57:57","modified_gmt":"2015-09-27T20:57:57","slug":"hospital-sotero-del-rio-se-capacita-en-evaluacion-de-desempeno","status":"publish","type":"post","link":"https:\/\/ena.cl\/?p=1024","title":{"rendered":"Hospital S\u00f3tero del R\u00edo se capacita en Evaluaci\u00f3n de Desempe\u00f1o"},"content":{"rendered":"<p><a href=\"https:\/\/ena.cl\/wp-content\/uploads\/2015\/09\/Foto-4-Sotero-del-Rio-Evaluacion-Desempe\u00a7o1.jpg\"><img loading=\"lazy\" decoding=\"async\" class=\"alignleft size-medium wp-image-1032\" src=\"https:\/\/ena.cl\/wp-content\/uploads\/2015\/09\/Foto-4-Sotero-del-Rio-Evaluacion-Desempe\u00a7o1-300x225.jpg\" alt=\"Foto 4 Sotero del Rio Evaluacion Desempe\u00a7o\" width=\"300\" height=\"225\" srcset=\"https:\/\/ena.cl\/wp-content\/uploads\/2015\/09\/Foto-4-Sotero-del-Rio-Evaluacion-Desempe\u00a7o1-300x225.jpg 300w, https:\/\/ena.cl\/wp-content\/uploads\/2015\/09\/Foto-4-Sotero-del-Rio-Evaluacion-Desempe\u00a7o1-400x300.jpg 400w, https:\/\/ena.cl\/wp-content\/uploads\/2015\/09\/Foto-4-Sotero-del-Rio-Evaluacion-Desempe\u00a7o1.jpg 600w\" sizes=\"auto, (max-width: 300px) 100vw, 300px\" \/><\/a>40 participantes tuvo esta capacitaci\u00f3n realizada los d\u00edas 7,8 y 9 de septiembre. El curso cont\u00f3 con una duraci\u00f3n total de veinte horas pedag\u00f3gicas y se efectu\u00f3 en el auditorio del citado centro asistencial ubicado en la Regi\u00f3n Metropolitana.<\/p>\n<p>Este perfeccionamiento tuvo como objetivo que sus estudiantes fortalecieran sus competencias para desempe\u00f1arse eficaz y correctamente, ya sea en calidad de integrante de la Junta Calificadora, dirigente gremial, pre calificador o calificado.<\/p>\n<p>Para ello el curso se divide en siete unidades de estudio, las que se distribuyen conforme al orden del sistema calificatorio: Contexto y normativa; Objeto de la evaluaci\u00f3n del desempe\u00f1o; Metodolog\u00eda de evaluaci\u00f3n del desempe\u00f1o; Efectos de las calificaciones; La evaluaci\u00f3n del desempe\u00f1o y la gesti\u00f3n por competencias; Jurisprudencia administrativa.<\/p>\n<p>La metodolog\u00eda de la capacitaci\u00f3n fue presencial e incluy\u00f3 clases expositivas con ejercicios pr\u00e1cticos, destinados a internalizar los contenidos y fortalecer las competencias de los asistentes.<\/p>\n","protected":false},"excerpt":{"rendered":"<p>40 participantes tuvo esta capacitaci\u00f3n realizada los d\u00edas 7,8 y 9 de septiembre. El curso cont\u00f3 con una duraci\u00f3n total de veinte horas pedag\u00f3gicas y se efectu\u00f3 en el auditorio del citado centro asistencial ubicado en la Regi\u00f3n Metropolitana. Este perfeccionamiento tuvo como objetivo que sus estudiantes fortalecieran sus competencias para desempe\u00f1arse eficaz y correctamente,&hellip;<\/p>\n","protected":false},"author":3,"featured_media":1031,"comment_status":"closed","ping_status":"closed","sticky":false,"template":"","format":"standard","meta":{"footnotes":""},"categories":[2,15],"tags":[],"class_list":["post-1024","post","type-post","status-publish","format-standard","has-post-thumbnail","hentry","category-noticias","category-ultimos-cursos","category-2","category-15","description-off"],"_links":{"self":[{"href":"https:\/\/ena.cl\/index.php?rest_route=\/wp\/v2\/posts\/1024","targetHints":{"allow":["GET"]}}],"collection":[{"href":"https:\/\/ena.cl\/index.php?rest_route=\/wp\/v2\/posts"}],"about":[{"href":"https:\/\/ena.cl\/index.php?rest_route=\/wp\/v2\/types\/post"}],"author":[{"embeddable":true,"href":"https:\/\/ena.cl\/index.php?rest_route=\/wp\/v2\/users\/3"}],"replies":[{"embeddable":true,"href":"https:\/\/ena.cl\/index.php?rest_route=%2Fwp%2Fv2%2Fcomments&post=1024"}],"version-history":[{"count":3,"href":"https:\/\/ena.cl\/index.php?rest_route=\/wp\/v2\/posts\/1024\/revisions"}],"predecessor-version":[{"id":1034,"href":"https:\/\/ena.cl\/index.php?rest_route=\/wp\/v2\/posts\/1024\/revisions\/1034"}],"wp:featuredmedia":[{"embeddable":true,"href":"https:\/\/ena.cl\/index.php?rest_route=\/wp\/v2\/media\/1031"}],"wp:attachment":[{"href":"https:\/\/ena.cl\/index.php?rest_route=%2Fwp%2Fv2%2Fmedia&parent=1024"}],"wp:term":[{"taxonomy":"category","embeddable":true,"href":"https:\/\/ena.cl\/index.php?rest_route=%2Fwp%2Fv2%2Fcategories&post=1024"},{"taxonomy":"post_tag","embeddable":true,"href":"https:\/\/ena.cl\/index.php?rest_route=%2Fwp%2Fv2%2Ftags&post=1024"}],"curies":[{"name":"wp","href":"https:\/\/api.w.org\/{rel}","templated":true}]}}