{"id":1021,"date":"2015-09-15T00:00:19","date_gmt":"2015-09-15T00:00:19","guid":{"rendered":"https:\/\/ena.cl\/?p=1021"},"modified":"2015-09-28T14:40:39","modified_gmt":"2015-09-28T14:40:39","slug":"en-evaluacion-de-desempeno-se-perfecciona-gobierno-regional-de-tarapaca","status":"publish","type":"post","link":"https:\/\/ena.cl\/?p=1021","title":{"rendered":"En Evaluaci\u00f3n de Desempe\u00f1o se perfecciona Gobierno Regional de Tarapac\u00e1"},"content":{"rendered":"<p><a href=\"https:\/\/ena.cl\/wp-content\/uploads\/2015\/09\/Foto-3-GORE-Tarapaca-Evaluacion-Desempe\u00a7o.jpg\"><img loading=\"lazy\" decoding=\"async\" class=\"alignleft size-medium wp-image-1022\" src=\"https:\/\/ena.cl\/wp-content\/uploads\/2015\/09\/Foto-3-GORE-Tarapaca-Evaluacion-Desempe\u00a7o-300x248.jpg\" alt=\"Foto 3 GORE Tarapaca Evaluacion Desempe\u00a7o\" width=\"300\" height=\"248\" srcset=\"https:\/\/ena.cl\/wp-content\/uploads\/2015\/09\/Foto-3-GORE-Tarapaca-Evaluacion-Desempe\u00a7o-300x248.jpg 300w, https:\/\/ena.cl\/wp-content\/uploads\/2015\/09\/Foto-3-GORE-Tarapaca-Evaluacion-Desempe\u00a7o.jpg 600w\" sizes=\"auto, (max-width: 300px) 100vw, 300px\" \/><\/a>En la ciudad de Iquique se realiz\u00f3 esta capacitaci\u00f3n, los d\u00edas 03 y 04 de septiembre, destinada a integrantes del Gobierno Regional GORE Tarapac\u00e1.<\/p>\n<p>El curso tuvo como objetivo que sus estudiantes, en el marco del R\u00e9gimen Estatutario del personal del GORE, fortalecieran su conocimiento sobre las normas legales y reglamentarias del Sistema Calificatorio. Esto, con el fin de apelar, representar al personal calificado o formular conceptos y notas a nivel de precalificaci\u00f3n o calificaci\u00f3n.<\/p>\n<p>La idea es que, una vez completada esta capacitaci\u00f3n, sus participantes puedan garantizar un actuar informado y responsable, con una mirada de imparcialidad y objetividad.<\/p>\n<p>Para esto, los estudiantes revisan: Normativa general y especial; Metodolog\u00eda de la evaluaci\u00f3n de desempe\u00f1o; Efecto de las calificaciones; Efecto en las calificaciones; Evaluaci\u00f3n de desempe\u00f1o y gesti\u00f3n por competencias; Directrices y jurisprudencia administrativa.<\/p>\n<p>El curso cont\u00f3 con quince participantes, quienes cumplieron con el programa de estudio establecido en veinte horas pedag\u00f3gicas, las que incluyeron clases te\u00f3ricas y pr\u00e1cticas.<\/p>\n<p>&nbsp;<\/p>\n","protected":false},"excerpt":{"rendered":"<p>En la ciudad de Iquique se realiz\u00f3 esta capacitaci\u00f3n, los d\u00edas 03 y 04 de septiembre, destinada a integrantes del Gobierno Regional GORE Tarapac\u00e1. El curso tuvo como objetivo que sus estudiantes, en el marco del R\u00e9gimen Estatutario del personal del GORE, fortalecieran su conocimiento sobre las normas legales y reglamentarias del Sistema Calificatorio. Esto,&hellip;<\/p>\n","protected":false},"author":3,"featured_media":1022,"comment_status":"closed","ping_status":"closed","sticky":false,"template":"","format":"standard","meta":{"footnotes":""},"categories":[2,15],"tags":[],"class_list":["post-1021","post","type-post","status-publish","format-standard","has-post-thumbnail","hentry","category-noticias","category-ultimos-cursos","category-2","category-15","description-off"],"_links":{"self":[{"href":"https:\/\/ena.cl\/index.php?rest_route=\/wp\/v2\/posts\/1021","targetHints":{"allow":["GET"]}}],"collection":[{"href":"https:\/\/ena.cl\/index.php?rest_route=\/wp\/v2\/posts"}],"about":[{"href":"https:\/\/ena.cl\/index.php?rest_route=\/wp\/v2\/types\/post"}],"author":[{"embeddable":true,"href":"https:\/\/ena.cl\/index.php?rest_route=\/wp\/v2\/users\/3"}],"replies":[{"embeddable":true,"href":"https:\/\/ena.cl\/index.php?rest_route=%2Fwp%2Fv2%2Fcomments&post=1021"}],"version-history":[{"count":2,"href":"https:\/\/ena.cl\/index.php?rest_route=\/wp\/v2\/posts\/1021\/revisions"}],"predecessor-version":[{"id":1053,"href":"https:\/\/ena.cl\/index.php?rest_route=\/wp\/v2\/posts\/1021\/revisions\/1053"}],"wp:featuredmedia":[{"embeddable":true,"href":"https:\/\/ena.cl\/index.php?rest_route=\/wp\/v2\/media\/1022"}],"wp:attachment":[{"href":"https:\/\/ena.cl\/index.php?rest_route=%2Fwp%2Fv2%2Fmedia&parent=1021"}],"wp:term":[{"taxonomy":"category","embeddable":true,"href":"https:\/\/ena.cl\/index.php?rest_route=%2Fwp%2Fv2%2Fcategories&post=1021"},{"taxonomy":"post_tag","embeddable":true,"href":"https:\/\/ena.cl\/index.php?rest_route=%2Fwp%2Fv2%2Ftags&post=1021"}],"curies":[{"name":"wp","href":"https:\/\/api.w.org\/{rel}","templated":true}]}}