{"id":1001,"date":"2015-09-01T00:00:33","date_gmt":"2015-09-01T00:00:33","guid":{"rendered":"https:\/\/ena.cl\/?p=1001"},"modified":"2015-09-07T18:13:42","modified_gmt":"2015-09-07T18:13:42","slug":"hospital-carlos-van-buren-se-perfecciona-en-sistema-de-calificaciones","status":"publish","type":"post","link":"https:\/\/ena.cl\/?p=1001","title":{"rendered":"Hospital Carlos Van Buren se perfecciona en Sistema de Calificaciones"},"content":{"rendered":"<p><a href=\"https:\/\/ena.cl\/wp-content\/uploads\/2015\/09\/Foto-6-Carlos-van-Buren-Calificaciones.jpg\"><img loading=\"lazy\" decoding=\"async\" class=\"alignleft size-medium wp-image-1002\" src=\"https:\/\/ena.cl\/wp-content\/uploads\/2015\/09\/Foto-6-Carlos-van-Buren-Calificaciones-300x225.jpg\" alt=\"Foto 6 Carlos van Buren Calificaciones\" width=\"300\" height=\"225\" srcset=\"https:\/\/ena.cl\/wp-content\/uploads\/2015\/09\/Foto-6-Carlos-van-Buren-Calificaciones-300x225.jpg 300w, https:\/\/ena.cl\/wp-content\/uploads\/2015\/09\/Foto-6-Carlos-van-Buren-Calificaciones-400x300.jpg 400w, https:\/\/ena.cl\/wp-content\/uploads\/2015\/09\/Foto-6-Carlos-van-Buren-Calificaciones.jpg 600w\" sizes=\"auto, (max-width: 300px) 100vw, 300px\" \/><\/a>24 horas cronol\u00f3gicas dur\u00f3 este curso en el que participaron 23 funcionarios del Hospital Carlos Van Buren, realizado los d\u00edas 26, 27 y 28 de agosto.<\/p>\n<p>Esta capacitaci\u00f3n tiene como objetivo que sus alumnos adquieran las competencias necesarias para desempe\u00f1arse correctamente -en calidad de integrante de la Junta Calificadora, dirigente gremial, precalificador o calificado &#8211; dando estricto cumplimiento al mandato del legislador, con presta atenci\u00f3n a su especial situaci\u00f3n reglamentaria y a las disposiciones que en materia de personal ha incorporado la Ley de Autoridad Sanitaria.<\/p>\n<p>Los contenidos se estructuraron en seis unidades de estudio, las que se distribuyen conforme al orden del sistema calificatorio: contexto y normativa; objeto de la evaluaci\u00f3n del desempe\u00f1o; su metodolog\u00eda; efectos de las calificaciones; evaluaci\u00f3n del desempe\u00f1o y gesti\u00f3n por competencias; y jurisprudencia administrativa.<\/p>\n<p>El enfoque de los contenidos para este curso se dise\u00f1a dentro de una formaci\u00f3n de adultos basadas en la experiencia laboral, amplia y coherente, donde cada participante toma la responsabilidad de integrar y aplicar lo aprendido.<\/p>\n","protected":false},"excerpt":{"rendered":"<p>24 horas cronol\u00f3gicas dur\u00f3 este curso en el que participaron 23 funcionarios del Hospital Carlos Van Buren, realizado los d\u00edas 26, 27 y 28 de agosto. Esta capacitaci\u00f3n tiene como objetivo que sus alumnos adquieran las competencias necesarias para desempe\u00f1arse correctamente -en calidad de integrante de la Junta Calificadora, dirigente gremial, precalificador o calificado &#8211;&hellip;<\/p>\n","protected":false},"author":3,"featured_media":1002,"comment_status":"closed","ping_status":"closed","sticky":false,"template":"","format":"standard","meta":{"footnotes":""},"categories":[2,15],"tags":[],"class_list":["post-1001","post","type-post","status-publish","format-standard","has-post-thumbnail","hentry","category-noticias","category-ultimos-cursos","category-2","category-15","description-off"],"_links":{"self":[{"href":"https:\/\/ena.cl\/index.php?rest_route=\/wp\/v2\/posts\/1001","targetHints":{"allow":["GET"]}}],"collection":[{"href":"https:\/\/ena.cl\/index.php?rest_route=\/wp\/v2\/posts"}],"about":[{"href":"https:\/\/ena.cl\/index.php?rest_route=\/wp\/v2\/types\/post"}],"author":[{"embeddable":true,"href":"https:\/\/ena.cl\/index.php?rest_route=\/wp\/v2\/users\/3"}],"replies":[{"embeddable":true,"href":"https:\/\/ena.cl\/index.php?rest_route=%2Fwp%2Fv2%2Fcomments&post=1001"}],"version-history":[{"count":1,"href":"https:\/\/ena.cl\/index.php?rest_route=\/wp\/v2\/posts\/1001\/revisions"}],"predecessor-version":[{"id":1003,"href":"https:\/\/ena.cl\/index.php?rest_route=\/wp\/v2\/posts\/1001\/revisions\/1003"}],"wp:featuredmedia":[{"embeddable":true,"href":"https:\/\/ena.cl\/index.php?rest_route=\/wp\/v2\/media\/1002"}],"wp:attachment":[{"href":"https:\/\/ena.cl\/index.php?rest_route=%2Fwp%2Fv2%2Fmedia&parent=1001"}],"wp:term":[{"taxonomy":"category","embeddable":true,"href":"https:\/\/ena.cl\/index.php?rest_route=%2Fwp%2Fv2%2Fcategories&post=1001"},{"taxonomy":"post_tag","embeddable":true,"href":"https:\/\/ena.cl\/index.php?rest_route=%2Fwp%2Fv2%2Ftags&post=1001"}],"curies":[{"name":"wp","href":"https:\/\/api.w.org\/{rel}","templated":true}]}}