{"id":1,"date":"2014-04-29T22:13:05","date_gmt":"2014-04-29T22:13:05","guid":{"rendered":"https:\/\/ena.cl\/\/?p=1"},"modified":"2015-04-24T14:47:44","modified_gmt":"2015-04-24T14:47:44","slug":"calculo_subsidio_postnatal_parental","status":"publish","type":"post","link":"https:\/\/ena.cl\/?p=1","title":{"rendered":"C\u00e1lculo del Subsidio por descanso Postnatal Parental"},"content":{"rendered":"<div class=\"wpb-content-wrapper\"><p class=\"p1\"><img loading=\"lazy\" decoding=\"async\" class=\"alignleft size-full wp-image-368\" src=\"https:\/\/ena.cl\/\/wp-content\/uploads\/2014\/04\/ss_occidente_web.jpg\" alt=\"C\u00e1lculo del Subsidio por descanso Postnatal Parental\" width=\"450\" height=\"331\" srcset=\"https:\/\/ena.cl\/wp-content\/uploads\/2014\/04\/ss_occidente_web.jpg 450w, https:\/\/ena.cl\/wp-content\/uploads\/2014\/04\/ss_occidente_web-300x220.jpg 300w\" sizes=\"auto, (max-width: 450px) 100vw, 450px\" \/>El Servicio de Salud Metropolitano Occidente, de la ciudad de Santiago, se ha propuesto que 15 de sus funcionarios, pertenecientes al departamento de remuneraciones y personal, actualicen, desarrollen y complementen sus conocimientos en torno a la legislaci\u00f3n, reglamentos, circulares y jurisprudencia administrativa, emanada tanto de la Superintendencia de Seguridad Social, como de la Contralor\u00eda General de la Rep\u00fablica, en materia del c\u00e1lculo del subsidio por descanso maternal y del permiso postnatal parental.<\/p>\n<p>Durante la actividad, de manera pr\u00e1ctica, se abord\u00f3 desde los derechos que componen la protecci\u00f3n de la maternidad, hasta el c\u00e1lculo mismo de los Subsidios por Descanso Postnatal, y Permiso Postnatal Parental, considerando adem\u00e1s, los efectos sobre las asignaciones fijas y variables del personal.<\/p>\n<p>El Curso que se desarroll\u00f3 en dependencia del Servicio de Salud tuvo una duraci\u00f3n de 24 horas pedag\u00f3gicas distribuidas en tres d\u00edas de estudio.[vc_row][vc_column width=&#8221;1\/1&#8243;][mpc_vc_share_list title=&#8221;Compartir&#8221; facebook=&#8221;1&#8243; twitter=&#8221;1&#8243; google_plus=&#8221;1&#8243;][\/vc_column][\/vc_row]<\/p>\n<\/div>","protected":false},"excerpt":{"rendered":"<p>El Servicio de Salud Metropolitano Occidente, de la ciudad de Santiago, se ha propuesto que 15 de sus funcionarios, pertenecientes al departamento de remuneraciones y personal, actualicen, desarrollen y complementen sus conocimientos en torno a la legislaci\u00f3n, reglamentos, circulares y jurisprudencia administrativa, emanada tanto de la Superintendencia de Seguridad Social, como de la Contralor\u00eda General&hellip;<\/p>\n","protected":false},"author":1,"featured_media":368,"comment_status":"closed","ping_status":"closed","sticky":false,"template":"","format":"standard","meta":{"footnotes":""},"categories":[2,15],"tags":[],"class_list":["post-1","post","type-post","status-publish","format-standard","has-post-thumbnail","hentry","category-noticias","category-ultimos-cursos","category-2","category-15","description-off"],"_links":{"self":[{"href":"https:\/\/ena.cl\/index.php?rest_route=\/wp\/v2\/posts\/1","targetHints":{"allow":["GET"]}}],"collection":[{"href":"https:\/\/ena.cl\/index.php?rest_route=\/wp\/v2\/posts"}],"about":[{"href":"https:\/\/ena.cl\/index.php?rest_route=\/wp\/v2\/types\/post"}],"author":[{"embeddable":true,"href":"https:\/\/ena.cl\/index.php?rest_route=\/wp\/v2\/users\/1"}],"replies":[{"embeddable":true,"href":"https:\/\/ena.cl\/index.php?rest_route=%2Fwp%2Fv2%2Fcomments&post=1"}],"version-history":[{"count":14,"href":"https:\/\/ena.cl\/index.php?rest_route=\/wp\/v2\/posts\/1\/revisions"}],"predecessor-version":[{"id":369,"href":"https:\/\/ena.cl\/index.php?rest_route=\/wp\/v2\/posts\/1\/revisions\/369"}],"wp:featuredmedia":[{"embeddable":true,"href":"https:\/\/ena.cl\/index.php?rest_route=\/wp\/v2\/media\/368"}],"wp:attachment":[{"href":"https:\/\/ena.cl\/index.php?rest_route=%2Fwp%2Fv2%2Fmedia&parent=1"}],"wp:term":[{"taxonomy":"category","embeddable":true,"href":"https:\/\/ena.cl\/index.php?rest_route=%2Fwp%2Fv2%2Fcategories&post=1"},{"taxonomy":"post_tag","embeddable":true,"href":"https:\/\/ena.cl\/index.php?rest_route=%2Fwp%2Fv2%2Ftags&post=1"}],"curies":[{"name":"wp","href":"https:\/\/api.w.org\/{rel}","templated":true}]}}